{"id":3684,"date":"2025-03-05T05:24:32","date_gmt":"2025-03-05T05:24:32","guid":{"rendered":"https:\/\/www.uscanadaautotransport.com\/fr\/?p=3684"},"modified":"2025-03-08T07:20:34","modified_gmt":"2025-03-08T07:20:34","slug":"comment-les-tarifs-du-president-trump-affecteront-ils-les-prix-des-vehicules-aux-etats-unis-et-au-canada","status":"publish","type":"post","link":"https:\/\/www.uscanadaautotransport.com\/fr\/comment-les-tarifs-du-president-trump-affecteront-ils-les-prix-des-vehicules-aux-etats-unis-et-au-canada\/","title":{"rendered":"Comment les tarifs du pr\u00e9sident Trump affecteront-ils les prix des v\u00e9hicules aux \u00c9tats-Unis et au Canada ?"},"content":{"rendered":"<style>.kb-image3684_7badd9-29 .kb-image-has-overlay:after{opacity:0.3;}<\/style>\n<div class=\"wp-block-kadence-image kb-image3684_7badd9-29\"><figure class=\"aligncenter size-large\"><img decoding=\"async\" width=\"1024\" height=\"585\" src=\"https:\/\/www.uscanadaautotransport.com\/fr\/wp-content\/uploads\/sites\/2\/2025\/03\/A-dramatic-image-depicting-the-impact-of-tariffs-on-the-automotive-industry-between-the-U.S.-and-Canada-1024x585.webp\" alt=\"\" class=\"kb-img wp-image-3686\" srcset=\"https:\/\/www.uscanadaautotransport.com\/fr\/wp-content\/uploads\/sites\/2\/2025\/03\/A-dramatic-image-depicting-the-impact-of-tariffs-on-the-automotive-industry-between-the-U.S.-and-Canada-1024x585.webp 1024w, https:\/\/www.uscanadaautotransport.com\/fr\/wp-content\/uploads\/sites\/2\/2025\/03\/A-dramatic-image-depicting-the-impact-of-tariffs-on-the-automotive-industry-between-the-U.S.-and-Canada-300x171.webp 300w, https:\/\/www.uscanadaautotransport.com\/fr\/wp-content\/uploads\/sites\/2\/2025\/03\/A-dramatic-image-depicting-the-impact-of-tariffs-on-the-automotive-industry-between-the-U.S.-and-Canada-768x439.webp 768w, https:\/\/www.uscanadaautotransport.com\/fr\/wp-content\/uploads\/sites\/2\/2025\/03\/A-dramatic-image-depicting-the-impact-of-tariffs-on-the-automotive-industry-between-the-U.S.-and-Canada.webp 1536w\" sizes=\"(max-width: 1024px) 100vw, 1024px\" \/><\/figure><\/div>\n\n\n\n<p>Le pr\u00e9sident des \u00c9tats-Unis, Donald Trump, r\u00e9cemment r\u00e9\u00e9lu, n\u2019a jamais cach\u00e9 son amour pour les tarifs douaniers. Il aurait m\u00eame d\u00e9clar\u00e9 : \u00ab J&#8217;adore les tarifs. Tariff est mon mot pr\u00e9f\u00e9r\u00e9. Le mot le plus beau du dictionnaire est tariff. Je vous le dis : je pense que c\u2019est plus beau que l\u2019amour. \u00bb \u00c0 ce stade, il semble certain que des tarifs, sous une forme ou une autre, seront impos\u00e9s au Canada et au Mexique. Dans cet article, nous r\u00e9pondons \u00e0 la question : \u00ab Comment les tarifs du pr\u00e9sident Trump affecteront-ils les prix des v\u00e9hicules aux \u00c9tats-Unis et au Canada ? \u00bb<\/p>\n\n\n\n<h3 class=\"wp-block-heading\" id=\"h-apercu-des-tarifs-proposes\">Aper\u00e7u des Tarifs Propos\u00e9s<\/h3>\n\n\n\n<p>Les industries automobiles des \u00c9tats-Unis et du Canada sont profond\u00e9ment interconnect\u00e9es, avec un flux important de v\u00e9hicules et de pi\u00e8ces traversant la fronti\u00e8re chaque jour. C&#8217;est pourquoi la menace du pr\u00e9sident Trump d&#8217;imposer des tarifs sur les importations en provenance du Canada et du Mexique suscite de vives inqui\u00e9tudes.<\/p>\n\n\n\n<p>En novembre 2024, le pr\u00e9sident Trump a annonc\u00e9 son intention de mettre en place un tarif de 25 % sur les importations en provenance du Canada et du Mexique, \u00e0 compter du 20 janvier 2025. Ces tarifs visent \u00e0 r\u00e9pondre aux probl\u00e8mes li\u00e9s \u00e0 l&#8217;immigration ill\u00e9gale et au trafic de drogue. Toutefois, ils risquent d\u2019avoir des r\u00e9percussions importantes sur le secteur automobile, qui d\u00e9pend fortement du commerce transfrontalier.<\/p>\n\n\n\n<h3 class=\"wp-block-heading\">De combien le prix des voitures aux \u00c9tats-Unis augmentera-t-il si un tarif de 25 % est impos\u00e9 sur les importations canadiennes ?<\/h3>\n\n\n\n<p>La question des tarifs est controvers\u00e9e. Comme beaucoup d\u2019autres sujets aux \u00c9tats-Unis, elle est devenue tr\u00e8s politis\u00e9e. Les tarifs sont-ils une bonne ou une mauvaise chose ? Qui en paiera r\u00e9ellement le prix ? Les Canadiens ou les consommateurs am\u00e9ricains ? Le pr\u00e9sident Trump est convaincu que les tarifs sont un bon moyen de g\u00e9n\u00e9rer des revenus tout en r\u00e9\u00e9quilibrant les \u00e9changes commerciaux avec d\u2019autres pays.<\/p>\n\n\n\n<p>Cependant, les critiques estiment que les tarifs ne sont rien d\u2019autre qu\u2019une taxe sur les consommateurs. En effet, dans la plupart des cas, les entreprises ne supportent pas elles-m\u00eames le co\u00fbt suppl\u00e9mentaire des droits de douane. Elles r\u00e9percutent plut\u00f4t ces co\u00fbts sur les consommateurs, ce qui entra\u00eene une hausse des prix et de l\u2019inflation.<\/p>\n\n\n\n<p>Alors, de combien les voitures aux \u00c9tats-Unis augmenteront-elles si un tarif de 25 % est impos\u00e9 sur les importations canadiennes, en supposant que les entreprises transf\u00e8rent enti\u00e8rement le co\u00fbt aux consommateurs ? Le tableau ci-dessous pr\u00e9sente les pr\u00e9visions \u00e0 cet \u00e9gard :<\/p>\n\n\n\n<figure class=\"wp-block-table\"><table class=\"has-fixed-layout\"><thead><tr><th>Mod\u00e8le de v\u00e9hicule<\/th><th>Prix actuel (USD)<\/th><th>Augmentation estim\u00e9e (Tarif de 25 %)<\/th><th>Nouveau prix apr\u00e8s tarif (USD)<\/th><\/tr><\/thead><tbody><tr><td>Ford F-150 (Construit au Canada)<\/td><td>45 000 $<\/td><td>11 250 $<\/td><td>56 250 $<\/td><\/tr><tr><td>Chevrolet Silverado 1500<\/td><td>47 500 $<\/td><td>11 875 $<\/td><td>59 375 $<\/td><\/tr><tr><td>Toyota RAV4 (Versions fabriqu\u00e9es au Canada)<\/td><td>32 000 $<\/td><td>8 000 $<\/td><td>40 000 $<\/td><\/tr><tr><td>Honda CR-V (Construit au Canada)<\/td><td>34 000 $<\/td><td>8 500 $<\/td><td>42 500 $<\/td><\/tr><tr><td>Dodge Grand Caravan<\/td><td>30 000 $<\/td><td>7 500 $<\/td><td>37 500 $<\/td><\/tr><tr><td>GMC Sierra 1500<\/td><td>50 000 $<\/td><td>12 500 $<\/td><td>62 500 $<\/td><\/tr><tr><td>Ford Edge (Fabriqu\u00e9 en Ontario)<\/td><td>39 000 $<\/td><td>9 750 $<\/td><td>48 750 $<\/td><\/tr><tr><td>Chrysler Pacifica<\/td><td>37 000 $<\/td><td>9 250 $<\/td><td>46 250 $<\/td><\/tr><\/tbody><\/table><\/figure>\n\n\n\n<h3 class=\"wp-block-heading\">Le Canada ripostera<\/h3>\n\n\n\n<p>Les \u00e9v\u00e9nements des derniers jours ont montr\u00e9 que le Canada ne restera pas passif face aux tarifs douaniers. Si le pr\u00e9sident Trump met en \u0153uvre son projet de tarifs de 25 % sur les importations canadiennes, le Canada r\u00e9agira probablement avec des contre-mesures fortes.<\/p>\n\n\n\n<p>Historiquement, lorsque les \u00c9tats-Unis ont impos\u00e9 des restrictions commerciales, le Canada a ripost\u00e9 avec ses propres tarifs, ciblant des industries am\u00e9ricaines strat\u00e9giques. Des menaces de limitation des exportations de p\u00e9trole et de gaz vers les \u00c9tats-Unis ont d\u00e9j\u00e0 \u00e9t\u00e9 \u00e9voqu\u00e9es.<\/p>\n\n\n\n<p>On rapporte \u00e9galement que de nombreux Canadiens annulent d\u00e9sormais leurs vacances pr\u00e9vues aux \u00c9tats-Unis. De mani\u00e8re g\u00e9n\u00e9rale, la r\u00e9ponse du Canada pourrait inclure les mesures suivantes :<\/p>\n\n\n\n<h3 class=\"wp-block-heading\">1. Contre-tarifs sur les produits am\u00e9ricains<\/h3>\n\n\n\n<p>Le Canada pourrait imposer des tarifs \u00e9quivalents sur les exportations am\u00e9ricaines, en ciblant des industries politiquement sensibles. Lors de pr\u00e9c\u00e9dents conflits commerciaux, le Canada a vis\u00e9 l&#8217;acier, l\u2019aluminium, l\u2019agriculture et les biens de consommation am\u00e9ricains. Une nouvelle s\u00e9rie de contre-tarifs pourrait affecter les secteurs suivants :<\/p>\n\n\n\n<ul class=\"wp-block-list\">\n<li><strong>Automobiles et pi\u00e8ces d\u00e9tach\u00e9es<\/strong> (impactant les fabricants am\u00e9ricains)<\/li>\n\n\n\n<li><strong>Produits agricoles<\/strong> (touchant les agriculteurs am\u00e9ricains, notamment dans les \u00c9tats strat\u00e9giques)<\/li>\n\n\n\n<li><strong>Biens de consommation<\/strong> (augmentant les co\u00fbts pour les d\u00e9taillants am\u00e9ricains)<\/li>\n<\/ul>\n\n\n\n<h3 class=\"wp-block-heading\">2. Diversification du commerce<\/h3>\n\n\n\n<p>Le Canada pourrait modifier ses relations commerciales en renfor\u00e7ant ses liens avec l\u2019Union europ\u00e9enne et les march\u00e9s asiatiques. En r\u00e9duisant sa d\u00e9pendance aux importations en provenance des \u00c9tats-Unis, le Canada pourrait att\u00e9nuer l\u2019impact \u00e9conomique des tarifs tout en consolidant des partenariats commerciaux alternatifs.<\/p>\n\n\n\n<p>Des rapports indiquent d\u00e9j\u00e0 que le Canada cherche des moyens d\u2019augmenter ses exportations de <a href=\"https:\/\/financialpost.com\/commodities\/energy\/oil-gas\/canada-ship-oil-china-us-threatens-trade\">p\u00e9trole vers la Chine<\/a> face \u00e0 l\u2019hostilit\u00e9 des \u00c9tats-Unis. L\u2019expansion du projet Trans Mountain, d\u2019une valeur de 34 milliards de dollars, arrive \u00e0 un moment opportun et offre au Canada une porte d\u2019entr\u00e9e vers des march\u00e9s internationaux autres que ceux de son voisin devenu impr\u00e9visible.<\/p>\n\n\n\n<h3 class=\"wp-block-heading\">3. Action l\u00e9gale via l&#8217;ACEUM et l&#8217;OMC<\/h3>\n\n\n\n<p>Le Canada pourrait contester les tarifs en vertu de l\u2019Accord Canada\u2013\u00c9tats-Unis\u2013Mexique (ACEUM) et aupr\u00e8s de l\u2019Organisation mondiale du commerce (OMC). Si ces tarifs sont jug\u00e9s contraires aux r\u00e8gles du commerce international, les \u00c9tats-Unis pourraient faire face \u00e0 des sanctions ou \u00eatre contraints de les annuler.<\/p>\n\n\n\n<p>Engager une contestation aupr\u00e8s de l\u2019OMC est une voie d\u00e9j\u00e0 emprunt\u00e9e par la Chine, un autre pays cibl\u00e9 par le pr\u00e9sident Trump. Le Canada pourrait donc choisir de suivre la m\u00eame strat\u00e9gie, ce qui ne ferait qu\u2019aggraver les tensions commerciales entre les deux pays.<\/p>\n\n\n\n<h3 class=\"wp-block-heading\">4. Ralentissement du commerce transfrontalier et des permis<\/h3>\n\n\n\n<p>Le gouvernement canadien pourrait instaurer des r\u00e9glementations plus strictes, des inspections renforc\u00e9es et des d\u00e9lais accrus pour les marchandises am\u00e9ricaines \u00e0 la fronti\u00e8re. Cela rendrait les \u00e9changes commerciaux plus co\u00fbteux et plus longs pour les entreprises am\u00e9ricaines souhaitant commercer avec le Canada.<\/p>\n\n\n\n<h3 class=\"wp-block-heading\">De combien les prix des voitures aux \u00c9tats-Unis augmenteront-ils si un tarif de 25 % est impos\u00e9 sur les importations canadiennes ?<\/h3>\n\n\n\n<p>Revenons maintenant \u00e0 la question : <strong>&#8220;Comment les tarifs du pr\u00e9sident Trump affecteront-ils les prix des v\u00e9hicules aux \u00c9tats-Unis et au Canada ?&#8221;<\/strong> Dans cette section, nous allons examiner l&#8217;impact sur les prix au Canada.<\/p>\n\n\n\n<p>N&#8217;oubliez pas que nous avons \u00e9voqu\u00e9 la possibilit\u00e9 d&#8217;une riposte du Canada en imposant des tarifs douaniers \u00e9quivalents. Si cela se produit, et en supposant que les fabricants r\u00e9percutent ces co\u00fbts sur les consommateurs, \u00e0 quoi peut-on s\u2019attendre ?<\/p>\n\n\n\n<p>Si le Canada d\u00e9cide de riposter aux tarifs du pr\u00e9sident Trump en imposant \u00e0 son tour un tarif de 25 % sur les importations de v\u00e9hicules am\u00e9ricains, les consommateurs canadiens verront probablement une augmentation significative des prix des voitures fabriqu\u00e9es aux \u00c9tats-Unis.<\/p>\n\n\n\n<p>Le tableau ci-dessous pr\u00e9sente une estimation des hausses de prix attendues pour diff\u00e9rents mod\u00e8les de v\u00e9hicules :<\/p>\n\n\n\n<figure class=\"wp-block-table\"><table class=\"has-fixed-layout\"><thead><tr><th>Mod\u00e8le de v\u00e9hicule<\/th><th>Prix actuel (CAD)<\/th><th>Augmentation estim\u00e9e (Tarif de 25 %)<\/th><th>Nouveau prix apr\u00e8s tarif (CAD)<\/th><\/tr><\/thead><tbody><tr><td>Ford Mustang<\/td><td>40 000 $<\/td><td>10 000 $<\/td><td>50 000 $<\/td><\/tr><tr><td>Chevrolet Silverado 1500<\/td><td>55 000 $<\/td><td>13 750 $<\/td><td>68 750 $<\/td><\/tr><tr><td>Dodge Ram 1500<\/td><td>60 000 $<\/td><td>15 000 $<\/td><td>75 000 $<\/td><\/tr><tr><td>Tesla Model Y<\/td><td>70 000 $<\/td><td>17 500 $<\/td><td>87 500 $<\/td><\/tr><tr><td>Chevrolet Equinox<\/td><td>36 000 $<\/td><td>9 000 $<\/td><td>45 000 $<\/td><\/tr><tr><td>Jeep Wrangler<\/td><td>50 000 $<\/td><td>12 500 $<\/td><td>62 500 $<\/td><\/tr><tr><td>Ford Explorer<\/td><td>55 000 $<\/td><td>13 750 $<\/td><td>68 750 $<\/td><\/tr><tr><td>Chevrolet Tahoe<\/td><td>75 000 $<\/td><td>18 750 $<\/td><td>93 750 $<\/td><\/tr><\/tbody><\/table><\/figure>\n\n\n\n<h2 class=\"wp-block-heading\" id=\"h-ce-que-cela-signifie-pour-les-entreprises-et-les-consommateurs\">Ce que cela signifie pour les entreprises et les consommateurs<\/h2>\n\n\n<style>.kb-image3684_27d0be-ce .kb-image-has-overlay:after{opacity:0.3;}<\/style>\n<div class=\"wp-block-kadence-image kb-image3684_27d0be-ce\"><figure class=\"aligncenter size-full\"><img decoding=\"async\" width=\"1024\" height=\"1024\" src=\"https:\/\/www.uscanadaautotransport.com\/fr\/wp-content\/uploads\/sites\/2\/2025\/03\/How-will-US-Tariffs-Influence-Vehicle-Prices-in-the-U.S.-and-Canada.jpg-1.webp\" alt=\"\" class=\"kb-img wp-image-3685\" srcset=\"https:\/\/www.uscanadaautotransport.com\/fr\/wp-content\/uploads\/sites\/2\/2025\/03\/How-will-US-Tariffs-Influence-Vehicle-Prices-in-the-U.S.-and-Canada.jpg-1.webp 1024w, https:\/\/www.uscanadaautotransport.com\/fr\/wp-content\/uploads\/sites\/2\/2025\/03\/How-will-US-Tariffs-Influence-Vehicle-Prices-in-the-U.S.-and-Canada.jpg-1-300x300.webp 300w, https:\/\/www.uscanadaautotransport.com\/fr\/wp-content\/uploads\/sites\/2\/2025\/03\/How-will-US-Tariffs-Influence-Vehicle-Prices-in-the-U.S.-and-Canada.jpg-1-150x150.webp 150w, https:\/\/www.uscanadaautotransport.com\/fr\/wp-content\/uploads\/sites\/2\/2025\/03\/How-will-US-Tariffs-Influence-Vehicle-Prices-in-the-U.S.-and-Canada.jpg-1-768x768.webp 768w\" sizes=\"(max-width: 1024px) 100vw, 1024px\" \/><\/figure><\/div>\n\n\n\n<h3 class=\"wp-block-heading\">Remarque sur les hypoth\u00e8ses de notre analyse<\/h3>\n\n\n\n<p>Notre analyse repose sur plusieurs hypoth\u00e8ses, dont certaines pourraient ne pas se r\u00e9aliser. Par exemple, nous supposons que si les \u00c9tats-Unis imposent un tarif de 25 % sur le Canada, ce dernier r\u00e9agira en imposant un tarif \u00e9quivalent de 25 % sur les importations am\u00e9ricaines. Or, cela pourrait ne pas \u00eatre le cas. Le Canada pourrait d\u00e9cider d\u2019adopter une r\u00e9ponse plus mod\u00e9r\u00e9e ou, au contraire, d\u2019imposer des tarifs encore plus \u00e9lev\u00e9s.<\/p>\n\n\n\n<p>Le Canada pourrait \u00e9galement choisir de cibler d\u2019autres produits ou des \u00c9tats sp\u00e9cifiques. Par exemple, lorsque l\u2019annonce initiale des tarifs a \u00e9t\u00e9 faite, des responsables gouvernementaux canadiens ont indiqu\u00e9 qu\u2019ils r\u00e9pliqueraient en ciblant les \u00c9tats r\u00e9publicains (<em>Red States<\/em>) qui exportent vers le Canada.<\/p>\n\n\n\n<p>Une autre hypoth\u00e8se cl\u00e9 de notre analyse est que les fabricants r\u00e9percuteront enti\u00e8rement les co\u00fbts des tarifs sur les consommateurs. Toutefois, ce sc\u00e9nario n\u2019est pas garanti. Certains fabricants pourraient d\u00e9cider d\u2019absorber une partie de ces co\u00fbts en r\u00e9duisant leurs marges b\u00e9n\u00e9ficiaires afin de limiter l&#8217;impact sur leurs clients.<\/p>\n\n\n\n<p>Cela \u00e9tant dit, une guerre commerciale entre les \u00c9tats-Unis et le Canada entra\u00eenerait probablement une hausse des prix pour les consommateurs des deux pays. Les fabricants automobiles, les agriculteurs et les d\u00e9taillants de part et d\u2019autre de la fronti\u00e8re subiraient des pressions \u00e9conomiques, ce qui pourrait conduire \u00e0 des suppressions d\u2019emplois et \u00e0 un ralentissement \u00e9conomique.<\/p>\n\n\n\n<p>Avec la mont\u00e9e des tensions, les entreprises et les d\u00e9cideurs politiques suivront de pr\u00e8s la r\u00e9action du Canada si ces tarifs entrent en vigueur.<\/p>\n\n\n\n<h2 class=\"wp-block-heading\">Commerce automobile entre les \u00c9tats-Unis et le Canada : chiffres cl\u00e9s et tendances<\/h2>\n\n\n\n<p>Les \u00c9tats-Unis et le Canada partagent l&#8217;une des industries automobiles les plus int\u00e9gr\u00e9es au monde. Chaque ann\u00e9e, des milliards de dollars de v\u00e9hicules et de pi\u00e8ces automobiles traversent la fronti\u00e8re, illustrant les liens \u00e9conomiques profonds entre les deux nations. Cela d\u00e9montre que l&#8217;impact des tarifs douaniers sera ressenti des deux c\u00f4t\u00e9s.<\/p>\n\n\n\n<p>Vous trouverez ci-dessous un tableau pr\u00e9sentant les derni\u00e8res statistiques du commerce automobile entre les \u00c9tats-Unis et le Canada.<\/p>\n\n\n\n<h2 class=\"wp-block-heading\"><strong>Statistiques du commerce automobile entre les \u00c9tats-Unis et le Canada (2023)<\/strong><\/h2>\n\n\n\n<p>Le tableau suivant met en \u00e9vidence l&#8217;ampleur des \u00e9changes commerciaux entre les \u00c9tats-Unis et le Canada dans l&#8217;industrie automobile. Mis \u00e0 part le secteur de l\u2019\u00e9nergie, il s\u2019agit du domaine commercial le plus important entre les deux pays.<\/p>\n\n\n\n<figure class=\"wp-block-table\"><table class=\"has-fixed-layout\"><thead><tr><th>Cat\u00e9gorie<\/th><th>Importations des \u00c9tats-Unis depuis le Canada (USD)<\/th><th>Exportations des \u00c9tats-Unis vers le Canada (USD)<\/th><th>Volume total du commerce (USD)<\/th><\/tr><\/thead><tbody><tr><td>V\u00e9hicules particuliers<\/td><td>31,2 milliards $<\/td><td>19,5 milliards $<\/td><td>50,7 milliards $<\/td><\/tr><tr><td>Pi\u00e8ces automobiles<\/td><td>15,4 milliards $<\/td><td>14,8 milliards $<\/td><td>30,2 milliards $<\/td><\/tr><tr><td>Camions et v\u00e9hicules commerciaux<\/td><td>7,1 milliards $<\/td><td>6,3 milliards $<\/td><td>13,4 milliards $<\/td><\/tr><tr><td>Moteurs et transmissions<\/td><td>5,6 milliards $<\/td><td>5,1 milliards $<\/td><td>10,7 milliards $<\/td><\/tr><tr><td><strong>Total du commerce automobile<\/strong><\/td><td><strong>59,3 milliards $<\/strong><\/td><td><strong>45,7 milliards $<\/strong><\/td><td><strong>105 milliards $<\/strong><\/td><\/tr><\/tbody><\/table><\/figure>\n\n\n\n<h3 class=\"wp-block-heading\"><strong>Pourquoi le commerce automobile entre les \u00c9tats-Unis et le Canada est-il important ?<\/strong><\/h3>\n\n\n\n<p>Le commerce automobile entre les deux pays est consid\u00e9rable, ce qui permet de mieux comprendre <strong>comment les tarifs du pr\u00e9sident Trump affecteront les prix des v\u00e9hicules aux \u00c9tats-Unis et au Canada<\/strong>. Mais pourquoi ce commerce est-il si crucial ?<\/p>\n\n\n\n<h4 class=\"wp-block-heading\"><strong>Int\u00e9gration profonde des cha\u00eenes d&#8217;approvisionnement<\/strong><\/h4>\n\n\n\n<p>De nombreux v\u00e9hicules sont assembl\u00e9s avec des pi\u00e8ces provenant des deux pays, traversant la fronti\u00e8re plusieurs fois au cours du processus de production. Peu de gens r\u00e9alisent que certaines pi\u00e8ces automobiles peuvent passer plusieurs fois d\u2019un pays \u00e0 l\u2019autre avant d\u2019\u00eatre utilis\u00e9es dans un produit final.<\/p>\n\n\n\n<h4 class=\"wp-block-heading\"><strong>Croissance \u00e9conomique et emplois<\/strong><\/h4>\n\n\n\n<p>L&#8217;industrie automobile soutient des millions d&#8217;emplois aux \u00c9tats-Unis et au Canada, notamment dans la fabrication, la logistique et la distribution. Toute perturbation dans ce secteur aurait un impact direct sur l&#8217;emploi et l&#8217;\u00e9conomie des deux pays.<\/p>\n\n\n\n<h4 class=\"wp-block-heading\"><strong>Risques li\u00e9s aux tarifs douaniers<\/strong><\/h4>\n\n\n\n<p>L\u2019introduction de nouvelles barri\u00e8res commerciales, telles que le tarif am\u00e9ricain de 25 % sur les importations canadiennes, pourrait perturber les cha\u00eenes d&#8217;approvisionnement, entra\u00eener une hausse des prix des v\u00e9hicules et ralentir la croissance \u00e9conomique.<\/p>\n\n\n\n<h3 class=\"wp-block-heading\"><strong>R\u00e9actions de l\u2019industrie<\/strong><\/h3>\n\n\n\n<p>Comment les constructeurs automobiles r\u00e9agiront-ils face \u00e0 l\u2019incertitude li\u00e9e aux tarifs douaniers ? Voici ce \u00e0 quoi l\u2019on peut s\u2019attendre :<\/p>\n\n\n\n<h4 class=\"wp-block-heading\"><strong>Retard des investissements<\/strong><\/h4>\n\n\n\n<p>Des entreprises comme <strong>General Motors<\/strong> et <strong>Ford<\/strong> <a href=\"https:\/\/www.axios.com\/newsletters\/axios-markets-e9bea2e0-efa2-11ef-ba15-378ec0345518?utm_source=chatgpt.com\">repoussent d\u2019importantes d\u00e9cisions d\u2019investissement en raison de l\u2019incertitude entourant les tarifs.<\/a> Cela pourrait nuire \u00e0 leur comp\u00e9titivit\u00e9, notamment face \u00e0 leurs rivaux mondiaux.<\/p>\n\n\n\n<h4 class=\"wp-block-heading\"><strong>Appels \u00e0 une intervention gouvernementale<\/strong><\/h4>\n\n\n\n<p>Selon <strong>Reuters<\/strong>, l&#8217;Association japonaise des constructeurs automobiles a sollicit\u00e9 l\u2019aide du gouvernement japonais pour prot\u00e9ger ses entreprises contre d\u2019\u00e9ventuels tarifs douaniers am\u00e9ricains. Cela souligne les <strong>r\u00e9percussions mondiales<\/strong> qu\u2019une telle politique commerciale pourrait entra\u00eener.<\/p>\n\n\n\n<h3 class=\"wp-block-heading\"><strong>Attendez-vous \u00e0 une hausse des prix<\/strong><\/h3>\n\n\n\n<p>\u00c0 ce stade, il semble que les tarifs sur le Canada et le Mexique vont bel et bien \u00eatre appliqu\u00e9s. Dans cet article, nous avons r\u00e9pondu \u00e0 la question : <strong>&#8220;Comment les tarifs du pr\u00e9sident Trump affecteront-ils les prix des v\u00e9hicules aux \u00c9tats-Unis et au Canada ?&#8221;<\/strong><\/p>\n\n\n\n<p>Notre analyse s\u2019est faite en deux parties :<\/p>\n\n\n\n<ol class=\"wp-block-list\">\n<li><strong>Nous avons d\u2019abord examin\u00e9 les augmentations de prix attendues aux \u00c9tats-Unis.<\/strong><\/li>\n\n\n\n<li><strong>Puis, nous avons analys\u00e9 les hausses probables au Canada.<\/strong><\/li>\n<\/ol>\n\n\n\n<p>Il est devenu \u00e9vident que les tarifs douaniers sur les importations automobiles entre les \u00c9tats-Unis et le Canada auront des effets profonds sur les prix des v\u00e9hicules, les op\u00e9rations de fabrication et l&#8217;\u00e9conomie globale des deux pays.<\/p>\n\n\n\n<p>En tant que l\u2019une des principales entreprises de transport automobile en Am\u00e9rique du Nord, <strong><a href=\"https:\/\/www.uscanadaautotransport.com\/fr\/\">US Canada Auto Transport<\/a><\/strong> ne sera pas \u00e9pargn\u00e9e par ces changements. C\u2019est pourquoi nous esp\u00e9rons qu\u2019un terrain d\u2019entente pourra \u00eatre trouv\u00e9 afin d\u2019\u00e9viter une escalade aux cons\u00e9quences \u00e9conomiques dommageables.<\/p>\n\n\n\n<p><\/p>\n","protected":false},"excerpt":{"rendered":"<p>Le pr\u00e9sident des \u00c9tats-Unis, Donald Trump, r\u00e9cemment r\u00e9\u00e9lu, n\u2019a jamais cach\u00e9 son amour pour les tarifs douaniers. Il aurait m\u00eame [&hellip;]<\/p>\n","protected":false},"author":1,"featured_media":3686,"comment_status":"closed","ping_status":"closed","sticky":false,"template":"","format":"standard","meta":{"_kad_blocks_custom_css":"","_kad_blocks_head_custom_js":"","_kad_blocks_body_custom_js":"","_kad_blocks_footer_custom_js":"","site-sidebar-layout":"default","site-content-layout":"","ast-site-content-layout":"default","site-content-style":"default","site-sidebar-style":"default","ast-global-header-display":"","ast-banner-title-visibility":"","ast-main-header-display":"","ast-hfb-above-header-display":"","ast-hfb-below-header-display":"","ast-hfb-mobile-header-display":"","site-post-title":"","ast-breadcrumbs-content":"","ast-featured-img":"","footer-sml-layout":"","ast-disable-related-posts":"","theme-transparent-header-meta":"","adv-header-id-meta":"","stick-header-meta":"","header-above-stick-meta":"","header-main-stick-meta":"","header-below-stick-meta":"","astra-migrate-meta-layouts":"set","ast-page-background-enabled":"default","ast-page-background-meta":{"desktop":{"background-color":"var(--ast-global-color-4)","background-image":"","background-repeat":"repeat","background-position":"center center","background-size":"auto","background-attachment":"scroll","background-type":"","background-media":"","overlay-type":"","overlay-color":"","overlay-opacity":"","overlay-gradient":""},"tablet":{"background-color":"","background-image":"","background-repeat":"repeat","background-position":"center center","background-size":"auto","background-attachment":"scroll","background-type":"","background-media":"","overlay-type":"","overlay-color":"","overlay-opacity":"","overlay-gradient":""},"mobile":{"background-color":"","background-image":"","background-repeat":"repeat","background-position":"center center","background-size":"auto","background-attachment":"scroll","background-type":"","background-media":"","overlay-type":"","overlay-color":"","overlay-opacity":"","overlay-gradient":""}},"ast-content-background-meta":{"desktop":{"background-color":"var(--ast-global-color-5)","background-image":"","background-repeat":"repeat","background-position":"center center","background-size":"auto","background-attachment":"scroll","background-type":"","background-media":"","overlay-type":"","overlay-color":"","overlay-opacity":"","overlay-gradient":""},"tablet":{"background-color":"var(--ast-global-color-5)","background-image":"","background-repeat":"repeat","background-position":"center center","background-size":"auto","background-attachment":"scroll","background-type":"","background-media":"","overlay-type":"","overlay-color":"","overlay-opacity":"","overlay-gradient":""},"mobile":{"background-color":"var(--ast-global-color-5)","background-image":"","background-repeat":"repeat","background-position":"center center","background-size":"auto","background-attachment":"scroll","background-type":"","background-media":"","overlay-type":"","overlay-color":"","overlay-opacity":"","overlay-gradient":""}},"footnotes":""},"categories":[6,5,4],"tags":[],"class_list":["post-3684","post","type-post","status-publish","format-standard","has-post-thumbnail","hentry","category-expedition-au-canada","category-tarif","category-transport-automobile-vers-le-canada"],"yoast_head":"<!-- This site is optimized with the Yoast SEO Premium plugin v27.4 (Yoast SEO v27.4) - https:\/\/yoast.com\/product\/yoast-seo-premium-wordpress\/ -->\n<title>Comment les tarifs du pr\u00e9sident Trump affecteront-ils les prix des v\u00e9hicules aux \u00c9tats-Unis et au Canada ? - French<\/title>\n<meta name=\"description\" content=\"Comment les tarifs du pr\u00e9sident Trump influenceront-ils les prix des v\u00e9hicules aux \u00c9tats-Unis et au Canada ? Nous analysons l&#039;impact potentiel des tarifs sur les voitures populaires.\" \/>\n<meta name=\"robots\" content=\"index, follow, max-snippet:-1, max-image-preview:large, max-video-preview:-1\" \/>\n<link rel=\"canonical\" href=\"https:\/\/www.uscanadaautotransport.com\/fr\/comment-les-tarifs-du-president-trump-affecteront-ils-les-prix-des-vehicules-aux-etats-unis-et-au-canada\/\" \/>\n<meta property=\"og:locale\" content=\"en_US\" \/>\n<meta property=\"og:type\" content=\"article\" \/>\n<meta property=\"og:title\" content=\"Comment les tarifs du pr\u00e9sident Trump affecteront-ils les prix des v\u00e9hicules aux \u00c9tats-Unis et au Canada ?\" \/>\n<meta property=\"og:description\" content=\"Comment les tarifs du pr\u00e9sident Trump influenceront-ils les prix des v\u00e9hicules aux \u00c9tats-Unis et au Canada ? Nous analysons l&#039;impact potentiel des tarifs sur les voitures populaires.\" \/>\n<meta property=\"og:url\" content=\"https:\/\/www.uscanadaautotransport.com\/fr\/comment-les-tarifs-du-president-trump-affecteront-ils-les-prix-des-vehicules-aux-etats-unis-et-au-canada\/\" \/>\n<meta property=\"og:site_name\" content=\"French\" \/>\n<meta property=\"article:published_time\" content=\"2025-03-05T05:24:32+00:00\" \/>\n<meta property=\"article:modified_time\" content=\"2025-03-08T07:20:34+00:00\" \/>\n<meta property=\"og:image\" content=\"https:\/\/www.uscanadaautotransport.com\/fr\/wp-content\/uploads\/sites\/2\/2025\/03\/A-dramatic-image-depicting-the-impact-of-tariffs-on-the-automotive-industry-between-the-U.S.-and-Canada.webp\" \/>\n\t<meta property=\"og:image:width\" content=\"1536\" \/>\n\t<meta property=\"og:image:height\" content=\"878\" \/>\n\t<meta property=\"og:image:type\" content=\"image\/webp\" \/>\n<meta name=\"author\" content=\"admin\" \/>\n<meta name=\"twitter:card\" content=\"summary_large_image\" \/>\n<meta name=\"twitter:label1\" content=\"Written by\" \/>\n\t<meta name=\"twitter:data1\" content=\"admin\" \/>\n\t<meta name=\"twitter:label2\" content=\"Est. reading time\" \/>\n\t<meta name=\"twitter:data2\" content=\"10 minutes\" \/>\n<script type=\"application\/ld+json\" class=\"yoast-schema-graph\">{\"@context\":\"https:\\\/\\\/schema.org\",\"@graph\":[{\"@type\":\"Article\",\"@id\":\"https:\\\/\\\/www.uscanadaautotransport.com\\\/fr\\\/comment-les-tarifs-du-president-trump-affecteront-ils-les-prix-des-vehicules-aux-etats-unis-et-au-canada\\\/#article\",\"isPartOf\":{\"@id\":\"https:\\\/\\\/www.uscanadaautotransport.com\\\/fr\\\/comment-les-tarifs-du-president-trump-affecteront-ils-les-prix-des-vehicules-aux-etats-unis-et-au-canada\\\/\"},\"author\":{\"name\":\"admin\",\"@id\":\"https:\\\/\\\/www.uscanadaautotransport.com\\\/fr\\\/#\\\/schema\\\/person\\\/fbbd5fbe14201f7e89d3174e481aae2f\"},\"headline\":\"Comment les tarifs du pr\u00e9sident Trump affecteront-ils les prix des v\u00e9hicules aux \u00c9tats-Unis et au Canada ?\",\"datePublished\":\"2025-03-05T05:24:32+00:00\",\"dateModified\":\"2025-03-08T07:20:34+00:00\",\"mainEntityOfPage\":{\"@id\":\"https:\\\/\\\/www.uscanadaautotransport.com\\\/fr\\\/comment-les-tarifs-du-president-trump-affecteront-ils-les-prix-des-vehicules-aux-etats-unis-et-au-canada\\\/\"},\"wordCount\":2172,\"publisher\":{\"@id\":\"https:\\\/\\\/www.uscanadaautotransport.com\\\/fr\\\/#organization\"},\"image\":{\"@id\":\"https:\\\/\\\/www.uscanadaautotransport.com\\\/fr\\\/comment-les-tarifs-du-president-trump-affecteront-ils-les-prix-des-vehicules-aux-etats-unis-et-au-canada\\\/#primaryimage\"},\"thumbnailUrl\":\"https:\\\/\\\/www.uscanadaautotransport.com\\\/fr\\\/wp-content\\\/uploads\\\/sites\\\/2\\\/2025\\\/03\\\/A-dramatic-image-depicting-the-impact-of-tariffs-on-the-automotive-industry-between-the-U.S.-and-Canada.webp\",\"articleSection\":[\"Exp\u00e9dition au Canada\",\"Tarif\",\"Transport automobile vers le Canada\"],\"inLanguage\":\"en-US\"},{\"@type\":\"WebPage\",\"@id\":\"https:\\\/\\\/www.uscanadaautotransport.com\\\/fr\\\/comment-les-tarifs-du-president-trump-affecteront-ils-les-prix-des-vehicules-aux-etats-unis-et-au-canada\\\/\",\"url\":\"https:\\\/\\\/www.uscanadaautotransport.com\\\/fr\\\/comment-les-tarifs-du-president-trump-affecteront-ils-les-prix-des-vehicules-aux-etats-unis-et-au-canada\\\/\",\"name\":\"Comment les tarifs du pr\u00e9sident Trump affecteront-ils les prix des v\u00e9hicules aux \u00c9tats-Unis et au Canada ? - French\",\"isPartOf\":{\"@id\":\"https:\\\/\\\/www.uscanadaautotransport.com\\\/fr\\\/#website\"},\"primaryImageOfPage\":{\"@id\":\"https:\\\/\\\/www.uscanadaautotransport.com\\\/fr\\\/comment-les-tarifs-du-president-trump-affecteront-ils-les-prix-des-vehicules-aux-etats-unis-et-au-canada\\\/#primaryimage\"},\"image\":{\"@id\":\"https:\\\/\\\/www.uscanadaautotransport.com\\\/fr\\\/comment-les-tarifs-du-president-trump-affecteront-ils-les-prix-des-vehicules-aux-etats-unis-et-au-canada\\\/#primaryimage\"},\"thumbnailUrl\":\"https:\\\/\\\/www.uscanadaautotransport.com\\\/fr\\\/wp-content\\\/uploads\\\/sites\\\/2\\\/2025\\\/03\\\/A-dramatic-image-depicting-the-impact-of-tariffs-on-the-automotive-industry-between-the-U.S.-and-Canada.webp\",\"datePublished\":\"2025-03-05T05:24:32+00:00\",\"dateModified\":\"2025-03-08T07:20:34+00:00\",\"description\":\"Comment les tarifs du pr\u00e9sident Trump influenceront-ils les prix des v\u00e9hicules aux \u00c9tats-Unis et au Canada ? Nous analysons l'impact potentiel des tarifs sur les voitures populaires.\",\"breadcrumb\":{\"@id\":\"https:\\\/\\\/www.uscanadaautotransport.com\\\/fr\\\/comment-les-tarifs-du-president-trump-affecteront-ils-les-prix-des-vehicules-aux-etats-unis-et-au-canada\\\/#breadcrumb\"},\"inLanguage\":\"en-US\",\"potentialAction\":[{\"@type\":\"ReadAction\",\"target\":[\"https:\\\/\\\/www.uscanadaautotransport.com\\\/fr\\\/comment-les-tarifs-du-president-trump-affecteront-ils-les-prix-des-vehicules-aux-etats-unis-et-au-canada\\\/\"]}]},{\"@type\":\"ImageObject\",\"inLanguage\":\"en-US\",\"@id\":\"https:\\\/\\\/www.uscanadaautotransport.com\\\/fr\\\/comment-les-tarifs-du-president-trump-affecteront-ils-les-prix-des-vehicules-aux-etats-unis-et-au-canada\\\/#primaryimage\",\"url\":\"https:\\\/\\\/www.uscanadaautotransport.com\\\/fr\\\/wp-content\\\/uploads\\\/sites\\\/2\\\/2025\\\/03\\\/A-dramatic-image-depicting-the-impact-of-tariffs-on-the-automotive-industry-between-the-U.S.-and-Canada.webp\",\"contentUrl\":\"https:\\\/\\\/www.uscanadaautotransport.com\\\/fr\\\/wp-content\\\/uploads\\\/sites\\\/2\\\/2025\\\/03\\\/A-dramatic-image-depicting-the-impact-of-tariffs-on-the-automotive-industry-between-the-U.S.-and-Canada.webp\",\"width\":1536,\"height\":878},{\"@type\":\"BreadcrumbList\",\"@id\":\"https:\\\/\\\/www.uscanadaautotransport.com\\\/fr\\\/comment-les-tarifs-du-president-trump-affecteront-ils-les-prix-des-vehicules-aux-etats-unis-et-au-canada\\\/#breadcrumb\",\"itemListElement\":[{\"@type\":\"ListItem\",\"position\":1,\"name\":\"Home\",\"item\":\"https:\\\/\\\/www.uscanadaautotransport.com\\\/fr\\\/\"},{\"@type\":\"ListItem\",\"position\":2,\"name\":\"Comment les tarifs du pr\u00e9sident Trump affecteront-ils les prix des v\u00e9hicules aux \u00c9tats-Unis et au Canada ?\"}]},{\"@type\":\"WebSite\",\"@id\":\"https:\\\/\\\/www.uscanadaautotransport.com\\\/fr\\\/#website\",\"url\":\"https:\\\/\\\/www.uscanadaautotransport.com\\\/fr\\\/\",\"name\":\"French\",\"description\":\"\",\"publisher\":{\"@id\":\"https:\\\/\\\/www.uscanadaautotransport.com\\\/fr\\\/#organization\"},\"potentialAction\":[{\"@type\":\"SearchAction\",\"target\":{\"@type\":\"EntryPoint\",\"urlTemplate\":\"https:\\\/\\\/www.uscanadaautotransport.com\\\/fr\\\/?s={search_term_string}\"},\"query-input\":{\"@type\":\"PropertyValueSpecification\",\"valueRequired\":true,\"valueName\":\"search_term_string\"}}],\"inLanguage\":\"en-US\"},{\"@type\":\"Organization\",\"@id\":\"https:\\\/\\\/www.uscanadaautotransport.com\\\/fr\\\/#organization\",\"name\":\"French\",\"url\":\"https:\\\/\\\/www.uscanadaautotransport.com\\\/fr\\\/\",\"logo\":{\"@type\":\"ImageObject\",\"inLanguage\":\"en-US\",\"@id\":\"https:\\\/\\\/www.uscanadaautotransport.com\\\/fr\\\/#\\\/schema\\\/logo\\\/image\\\/\",\"url\":\"https:\\\/\\\/www.uscanadaautotransport.com\\\/fr\\\/wp-content\\\/uploads\\\/sites\\\/2\\\/2023\\\/04\\\/cropped-cropped-android-chrome-512x512-1-300x300-1.png\",\"contentUrl\":\"https:\\\/\\\/www.uscanadaautotransport.com\\\/fr\\\/wp-content\\\/uploads\\\/sites\\\/2\\\/2023\\\/04\\\/cropped-cropped-android-chrome-512x512-1-300x300-1.png\",\"width\":300,\"height\":300,\"caption\":\"French\"},\"image\":{\"@id\":\"https:\\\/\\\/www.uscanadaautotransport.com\\\/fr\\\/#\\\/schema\\\/logo\\\/image\\\/\"}},{\"@type\":\"Person\",\"@id\":\"https:\\\/\\\/www.uscanadaautotransport.com\\\/fr\\\/#\\\/schema\\\/person\\\/fbbd5fbe14201f7e89d3174e481aae2f\",\"name\":\"admin\",\"image\":{\"@type\":\"ImageObject\",\"inLanguage\":\"en-US\",\"@id\":\"https:\\\/\\\/secure.gravatar.com\\\/avatar\\\/004b9a3b561786831e830322312f8a54e5bd86e7f6c0407a11fba027fecf788e?s=96&d=mm&r=g\",\"url\":\"https:\\\/\\\/secure.gravatar.com\\\/avatar\\\/004b9a3b561786831e830322312f8a54e5bd86e7f6c0407a11fba027fecf788e?s=96&d=mm&r=g\",\"contentUrl\":\"https:\\\/\\\/secure.gravatar.com\\\/avatar\\\/004b9a3b561786831e830322312f8a54e5bd86e7f6c0407a11fba027fecf788e?s=96&d=mm&r=g\",\"caption\":\"admin\"}}]}<\/script>\n<!-- \/ Yoast SEO Premium plugin. -->","yoast_head_json":{"title":"Comment les tarifs du pr\u00e9sident Trump affecteront-ils les prix des v\u00e9hicules aux \u00c9tats-Unis et au Canada ? - French","description":"Comment les tarifs du pr\u00e9sident Trump influenceront-ils les prix des v\u00e9hicules aux \u00c9tats-Unis et au Canada ? Nous analysons l'impact potentiel des tarifs sur les voitures populaires.","robots":{"index":"index","follow":"follow","max-snippet":"max-snippet:-1","max-image-preview":"max-image-preview:large","max-video-preview":"max-video-preview:-1"},"canonical":"https:\/\/www.uscanadaautotransport.com\/fr\/comment-les-tarifs-du-president-trump-affecteront-ils-les-prix-des-vehicules-aux-etats-unis-et-au-canada\/","og_locale":"en_US","og_type":"article","og_title":"Comment les tarifs du pr\u00e9sident Trump affecteront-ils les prix des v\u00e9hicules aux \u00c9tats-Unis et au Canada ?","og_description":"Comment les tarifs du pr\u00e9sident Trump influenceront-ils les prix des v\u00e9hicules aux \u00c9tats-Unis et au Canada ? Nous analysons l'impact potentiel des tarifs sur les voitures populaires.","og_url":"https:\/\/www.uscanadaautotransport.com\/fr\/comment-les-tarifs-du-president-trump-affecteront-ils-les-prix-des-vehicules-aux-etats-unis-et-au-canada\/","og_site_name":"French","article_published_time":"2025-03-05T05:24:32+00:00","article_modified_time":"2025-03-08T07:20:34+00:00","og_image":[{"width":1536,"height":878,"url":"https:\/\/www.uscanadaautotransport.com\/fr\/wp-content\/uploads\/sites\/2\/2025\/03\/A-dramatic-image-depicting-the-impact-of-tariffs-on-the-automotive-industry-between-the-U.S.-and-Canada.webp","type":"image\/webp"}],"author":"admin","twitter_card":"summary_large_image","twitter_misc":{"Written by":"admin","Est. reading time":"10 minutes"},"schema":{"@context":"https:\/\/schema.org","@graph":[{"@type":"Article","@id":"https:\/\/www.uscanadaautotransport.com\/fr\/comment-les-tarifs-du-president-trump-affecteront-ils-les-prix-des-vehicules-aux-etats-unis-et-au-canada\/#article","isPartOf":{"@id":"https:\/\/www.uscanadaautotransport.com\/fr\/comment-les-tarifs-du-president-trump-affecteront-ils-les-prix-des-vehicules-aux-etats-unis-et-au-canada\/"},"author":{"name":"admin","@id":"https:\/\/www.uscanadaautotransport.com\/fr\/#\/schema\/person\/fbbd5fbe14201f7e89d3174e481aae2f"},"headline":"Comment les tarifs du pr\u00e9sident Trump affecteront-ils les prix des v\u00e9hicules aux \u00c9tats-Unis et au Canada ?","datePublished":"2025-03-05T05:24:32+00:00","dateModified":"2025-03-08T07:20:34+00:00","mainEntityOfPage":{"@id":"https:\/\/www.uscanadaautotransport.com\/fr\/comment-les-tarifs-du-president-trump-affecteront-ils-les-prix-des-vehicules-aux-etats-unis-et-au-canada\/"},"wordCount":2172,"publisher":{"@id":"https:\/\/www.uscanadaautotransport.com\/fr\/#organization"},"image":{"@id":"https:\/\/www.uscanadaautotransport.com\/fr\/comment-les-tarifs-du-president-trump-affecteront-ils-les-prix-des-vehicules-aux-etats-unis-et-au-canada\/#primaryimage"},"thumbnailUrl":"https:\/\/www.uscanadaautotransport.com\/fr\/wp-content\/uploads\/sites\/2\/2025\/03\/A-dramatic-image-depicting-the-impact-of-tariffs-on-the-automotive-industry-between-the-U.S.-and-Canada.webp","articleSection":["Exp\u00e9dition au Canada","Tarif","Transport automobile vers le Canada"],"inLanguage":"en-US"},{"@type":"WebPage","@id":"https:\/\/www.uscanadaautotransport.com\/fr\/comment-les-tarifs-du-president-trump-affecteront-ils-les-prix-des-vehicules-aux-etats-unis-et-au-canada\/","url":"https:\/\/www.uscanadaautotransport.com\/fr\/comment-les-tarifs-du-president-trump-affecteront-ils-les-prix-des-vehicules-aux-etats-unis-et-au-canada\/","name":"Comment les tarifs du pr\u00e9sident Trump affecteront-ils les prix des v\u00e9hicules aux \u00c9tats-Unis et au Canada ? - French","isPartOf":{"@id":"https:\/\/www.uscanadaautotransport.com\/fr\/#website"},"primaryImageOfPage":{"@id":"https:\/\/www.uscanadaautotransport.com\/fr\/comment-les-tarifs-du-president-trump-affecteront-ils-les-prix-des-vehicules-aux-etats-unis-et-au-canada\/#primaryimage"},"image":{"@id":"https:\/\/www.uscanadaautotransport.com\/fr\/comment-les-tarifs-du-president-trump-affecteront-ils-les-prix-des-vehicules-aux-etats-unis-et-au-canada\/#primaryimage"},"thumbnailUrl":"https:\/\/www.uscanadaautotransport.com\/fr\/wp-content\/uploads\/sites\/2\/2025\/03\/A-dramatic-image-depicting-the-impact-of-tariffs-on-the-automotive-industry-between-the-U.S.-and-Canada.webp","datePublished":"2025-03-05T05:24:32+00:00","dateModified":"2025-03-08T07:20:34+00:00","description":"Comment les tarifs du pr\u00e9sident Trump influenceront-ils les prix des v\u00e9hicules aux \u00c9tats-Unis et au Canada ? Nous analysons l'impact potentiel des tarifs sur les voitures populaires.","breadcrumb":{"@id":"https:\/\/www.uscanadaautotransport.com\/fr\/comment-les-tarifs-du-president-trump-affecteront-ils-les-prix-des-vehicules-aux-etats-unis-et-au-canada\/#breadcrumb"},"inLanguage":"en-US","potentialAction":[{"@type":"ReadAction","target":["https:\/\/www.uscanadaautotransport.com\/fr\/comment-les-tarifs-du-president-trump-affecteront-ils-les-prix-des-vehicules-aux-etats-unis-et-au-canada\/"]}]},{"@type":"ImageObject","inLanguage":"en-US","@id":"https:\/\/www.uscanadaautotransport.com\/fr\/comment-les-tarifs-du-president-trump-affecteront-ils-les-prix-des-vehicules-aux-etats-unis-et-au-canada\/#primaryimage","url":"https:\/\/www.uscanadaautotransport.com\/fr\/wp-content\/uploads\/sites\/2\/2025\/03\/A-dramatic-image-depicting-the-impact-of-tariffs-on-the-automotive-industry-between-the-U.S.-and-Canada.webp","contentUrl":"https:\/\/www.uscanadaautotransport.com\/fr\/wp-content\/uploads\/sites\/2\/2025\/03\/A-dramatic-image-depicting-the-impact-of-tariffs-on-the-automotive-industry-between-the-U.S.-and-Canada.webp","width":1536,"height":878},{"@type":"BreadcrumbList","@id":"https:\/\/www.uscanadaautotransport.com\/fr\/comment-les-tarifs-du-president-trump-affecteront-ils-les-prix-des-vehicules-aux-etats-unis-et-au-canada\/#breadcrumb","itemListElement":[{"@type":"ListItem","position":1,"name":"Home","item":"https:\/\/www.uscanadaautotransport.com\/fr\/"},{"@type":"ListItem","position":2,"name":"Comment les tarifs du pr\u00e9sident Trump affecteront-ils les prix des v\u00e9hicules aux \u00c9tats-Unis et au Canada ?"}]},{"@type":"WebSite","@id":"https:\/\/www.uscanadaautotransport.com\/fr\/#website","url":"https:\/\/www.uscanadaautotransport.com\/fr\/","name":"French","description":"","publisher":{"@id":"https:\/\/www.uscanadaautotransport.com\/fr\/#organization"},"potentialAction":[{"@type":"SearchAction","target":{"@type":"EntryPoint","urlTemplate":"https:\/\/www.uscanadaautotransport.com\/fr\/?s={search_term_string}"},"query-input":{"@type":"PropertyValueSpecification","valueRequired":true,"valueName":"search_term_string"}}],"inLanguage":"en-US"},{"@type":"Organization","@id":"https:\/\/www.uscanadaautotransport.com\/fr\/#organization","name":"French","url":"https:\/\/www.uscanadaautotransport.com\/fr\/","logo":{"@type":"ImageObject","inLanguage":"en-US","@id":"https:\/\/www.uscanadaautotransport.com\/fr\/#\/schema\/logo\/image\/","url":"https:\/\/www.uscanadaautotransport.com\/fr\/wp-content\/uploads\/sites\/2\/2023\/04\/cropped-cropped-android-chrome-512x512-1-300x300-1.png","contentUrl":"https:\/\/www.uscanadaautotransport.com\/fr\/wp-content\/uploads\/sites\/2\/2023\/04\/cropped-cropped-android-chrome-512x512-1-300x300-1.png","width":300,"height":300,"caption":"French"},"image":{"@id":"https:\/\/www.uscanadaautotransport.com\/fr\/#\/schema\/logo\/image\/"}},{"@type":"Person","@id":"https:\/\/www.uscanadaautotransport.com\/fr\/#\/schema\/person\/fbbd5fbe14201f7e89d3174e481aae2f","name":"admin","image":{"@type":"ImageObject","inLanguage":"en-US","@id":"https:\/\/secure.gravatar.com\/avatar\/004b9a3b561786831e830322312f8a54e5bd86e7f6c0407a11fba027fecf788e?s=96&d=mm&r=g","url":"https:\/\/secure.gravatar.com\/avatar\/004b9a3b561786831e830322312f8a54e5bd86e7f6c0407a11fba027fecf788e?s=96&d=mm&r=g","contentUrl":"https:\/\/secure.gravatar.com\/avatar\/004b9a3b561786831e830322312f8a54e5bd86e7f6c0407a11fba027fecf788e?s=96&d=mm&r=g","caption":"admin"}}]}},"taxonomy_info":{"category":[{"value":6,"label":"Exp\u00e9dition au Canada"},{"value":5,"label":"Tarif"},{"value":4,"label":"Transport automobile vers le Canada"}]},"featured_image_src_large":["https:\/\/www.uscanadaautotransport.com\/fr\/wp-content\/uploads\/sites\/2\/2025\/03\/A-dramatic-image-depicting-the-impact-of-tariffs-on-the-automotive-industry-between-the-U.S.-and-Canada-1024x585.webp",1024,585,true],"author_info":{"display_name":"admin","author_link":"https:\/\/www.uscanadaautotransport.com\/fr\/author\/admin\/"},"comment_info":0,"category_info":[{"term_id":6,"name":"Exp\u00e9dition au Canada","slug":"expedition-au-canada","term_group":0,"term_taxonomy_id":6,"taxonomy":"category","description":"","parent":0,"count":8,"filter":"raw","cat_ID":6,"category_count":8,"category_description":"","cat_name":"Exp\u00e9dition au Canada","category_nicename":"expedition-au-canada","category_parent":0},{"term_id":5,"name":"Tarif","slug":"tarif","term_group":0,"term_taxonomy_id":5,"taxonomy":"category","description":"","parent":0,"count":7,"filter":"raw","cat_ID":5,"category_count":7,"category_description":"","cat_name":"Tarif","category_nicename":"tarif","category_parent":0},{"term_id":4,"name":"Transport automobile vers le Canada","slug":"transport-automobile-vers-le-canada","term_group":0,"term_taxonomy_id":4,"taxonomy":"category","description":"","parent":0,"count":9,"filter":"raw","cat_ID":4,"category_count":9,"category_description":"","cat_name":"Transport automobile vers le Canada","category_nicename":"transport-automobile-vers-le-canada","category_parent":0}],"tag_info":false,"_links":{"self":[{"href":"https:\/\/www.uscanadaautotransport.com\/fr\/wp-json\/wp\/v2\/posts\/3684","targetHints":{"allow":["GET"]}}],"collection":[{"href":"https:\/\/www.uscanadaautotransport.com\/fr\/wp-json\/wp\/v2\/posts"}],"about":[{"href":"https:\/\/www.uscanadaautotransport.com\/fr\/wp-json\/wp\/v2\/types\/post"}],"author":[{"embeddable":true,"href":"https:\/\/www.uscanadaautotransport.com\/fr\/wp-json\/wp\/v2\/users\/1"}],"replies":[{"embeddable":true,"href":"https:\/\/www.uscanadaautotransport.com\/fr\/wp-json\/wp\/v2\/comments?post=3684"}],"version-history":[{"count":0,"href":"https:\/\/www.uscanadaautotransport.com\/fr\/wp-json\/wp\/v2\/posts\/3684\/revisions"}],"wp:featuredmedia":[{"embeddable":true,"href":"https:\/\/www.uscanadaautotransport.com\/fr\/wp-json\/wp\/v2\/media\/3686"}],"wp:attachment":[{"href":"https:\/\/www.uscanadaautotransport.com\/fr\/wp-json\/wp\/v2\/media?parent=3684"}],"wp:term":[{"taxonomy":"category","embeddable":true,"href":"https:\/\/www.uscanadaautotransport.com\/fr\/wp-json\/wp\/v2\/categories?post=3684"},{"taxonomy":"post_tag","embeddable":true,"href":"https:\/\/www.uscanadaautotransport.com\/fr\/wp-json\/wp\/v2\/tags?post=3684"}],"curies":[{"name":"wp","href":"https:\/\/api.w.org\/{rel}","templated":true}]}}