{"id":3673,"date":"2025-02-05T13:57:31","date_gmt":"2025-02-05T13:57:31","guid":{"rendered":"https:\/\/www.uscanadaautotransport.com\/fr\/?p=3673"},"modified":"2025-03-15T23:49:44","modified_gmt":"2025-03-15T23:49:44","slug":"pourquoi-vous-devez-expedier-votre-voiture-maintenant-avant-lentree-en-vigueur-des-tarifs-de-25-du-president-trump-sur-le-canada","status":"publish","type":"post","link":"https:\/\/www.uscanadaautotransport.com\/fr\/pourquoi-vous-devez-expedier-votre-voiture-maintenant-avant-lentree-en-vigueur-des-tarifs-de-25-du-president-trump-sur-le-canada\/","title":{"rendered":"Pourquoi vous devez exp\u00e9dier votre voiture maintenant avant l&#8217;entr\u00e9e en vigueur des tarifs de 25 % du pr\u00e9sident Trump sur le Canada"},"content":{"rendered":"\n<figure class=\"wp-block-image aligncenter size-large\"><img decoding=\"async\" width=\"1024\" height=\"682\" src=\"https:\/\/www.uscanadaautotransport.com\/fr\/wp-content\/uploads\/sites\/2\/2025\/03\/car-carrier-trailer-6839728_1280.jpg-1024x682.webp\" alt=\"Pourquoi vous devez exp\u00e9dier votre voiture maintenant avant l'entr\u00e9e en vigueur des tarifs de 25 % du pr\u00e9sident Trump sur le Canada\" class=\"wp-image-3674\" srcset=\"https:\/\/www.uscanadaautotransport.com\/fr\/wp-content\/uploads\/sites\/2\/2025\/03\/car-carrier-trailer-6839728_1280.jpg-1024x682.webp 1024w, https:\/\/www.uscanadaautotransport.com\/fr\/wp-content\/uploads\/sites\/2\/2025\/03\/car-carrier-trailer-6839728_1280.jpg-300x200.webp 300w, https:\/\/www.uscanadaautotransport.com\/fr\/wp-content\/uploads\/sites\/2\/2025\/03\/car-carrier-trailer-6839728_1280.jpg-768x512.webp 768w, https:\/\/www.uscanadaautotransport.com\/fr\/wp-content\/uploads\/sites\/2\/2025\/03\/car-carrier-trailer-6839728_1280.jpg.webp 1280w\" sizes=\"(max-width: 1024px) 100vw, 1024px\" \/><\/figure>\n\n\n\n<p>La menace du pr\u00e9sident Donald Trump d&#8217;imposer des tarifs de 25 % sur les importations en provenance du Canada menace de bouleverser le secteur automobile des deux c\u00f4t\u00e9s de la fronti\u00e8re. Mais est-ce que cela signifie que ceux qui souhaitent transporter leurs v\u00e9hicules des \u00c9tats-Unis vers le Canada, ou vice versa, doivent commencer \u00e0 paniquer ? La r\u00e9ponse est un OUI massif ! Les tarifs avaient initialement \u00e9t\u00e9 report\u00e9s d&#8217;un mois le 3 f\u00e9vrier 2025. Ce mois prendra bient\u00f4t fin. Dans cet article, nous expliquons pourquoi vous devez exp\u00e9dier votre voiture maintenant avant que les tarifs de 25 % du pr\u00e9sident Trump sur le Canada n&#8217;entrent en vigueur.<\/p>\n\n\n\n<h2 class=\"wp-block-heading\" id=\"h-le-commerce-entre-les-etats-unis-et-le-secteur-automobile-du-canada-est-massif\">Le commerce entre les \u00c9tats-Unis et le secteur automobile du Canada est massif<\/h2>\n\n\n\n<p>Tout d&#8217;abord, clarifions une chose : le commerce entre les \u00c9tats-Unis et le Canada est consid\u00e9rable. En fait, les deux pays sont les principaux partenaires commerciaux l&#8217;un de l&#8217;autre. Une grande partie de ce commerce se d\u00e9roule dans le secteur automobile. Dans le tableau ci-dessous, nous montrons la valeur du commerce entre les \u00c9tats-Unis et le Canada pour l&#8217;ann\u00e9e 2023.<\/p>\n\n\n\n<figure class=\"wp-block-table\"><table class=\"has-fixed-layout\"><thead><tr><th>Secteur<\/th><th>Exportations des \u00c9tats-Unis vers le Canada (en milliards USD)<\/th><th>Importations des \u00c9tats-Unis en provenance du Canada (en milliards USD)<\/th><\/tr><\/thead><tbody><tr><td>V\u00e9hicules (hors chemins de fer, tramways)<\/td><td>57,73<\/td><td>65,10<\/td><\/tr><tr><td>Machines, r\u00e9acteurs nucl\u00e9aires, chaudi\u00e8res<\/td><td>52,76<\/td><td>33,50<\/td><\/tr><tr><td>\u00c9quipements \u00e9lectriques, \u00e9lectroniques<\/td><td>29,41<\/td><td>20,30<\/td><\/tr><tr><td>Combustibles min\u00e9raux, huiles, produits de distillation<\/td><td>28,68<\/td><td>90,20<\/td><\/tr><tr><td>Plastiques<\/td><td>15,41<\/td><td>12,80<\/td><\/tr><tr><td>Appareils optiques, photographiques, techniques, m\u00e9dicaux<\/td><td>10,60<\/td><td>7,50<\/td><\/tr><tr><td>A\u00e9ronefs, engins spatiaux<\/td><td>8,73<\/td><td>9,20<\/td><\/tr><tr><td>Articles en fer ou en acier<\/td><td>7,48<\/td><td>6,90<\/td><\/tr><tr><td>Produits pharmaceutiques<\/td><td>5,87<\/td><td>4,30<\/td><\/tr><tr><td>Papiers et cartons, articles en p\u00e2te<\/td><td>5,81<\/td><td>5,60<\/td><\/tr><\/tbody><\/table><\/figure>\n\n\n\n<p>Comme vous pouvez le voir, le plus grand secteur est l&#8217;industrie automobile. La menace de tarifs du pr\u00e9sident Trump est r\u00e9elle. Il est probable qu&#8217;elle ait un \u00e9norme impact sur ceux qui cherchent \u00e0 d\u00e9placer leurs v\u00e9hicules \u00e0 travers la fronti\u00e8re am\u00e9ricano-canadienne. Disons que vous avez achet\u00e9 une voiture aux \u00c9tats-Unis et que vous souhaitez la transporter au Canada.<\/p>\n\n\n\n<p>Ou peut-\u00eatre que vous avez h\u00e9rit\u00e9 d&#8217;une voiture vintage au Canada et que vous souhaitez la ramener aux \u00c9tats-Unis. Si vous faites partie de ces cat\u00e9gories, ou d&#8217;autres similaires, vous devez contacter <a href=\"https:\/\/www.uscanadaautotransport.com\/fr\/\">US Canada Auto Transport<\/a> d\u00e8s maintenant. Nous nous assurerons que vous \u00e9vitez les tarifs en exp\u00e9diant votre voiture d\u00e8s que possible.<\/p>\n\n\n\n<h2 class=\"wp-block-heading\" id=\"h-pourquoi-vous-devez-agir-immediatement\">Pourquoi vous devez agir imm\u00e9diatement<\/h2>\n\n\n\n<p>Si vous pr\u00e9voyez d&#8217;exp\u00e9dier un v\u00e9hicule entre les \u00c9tats-Unis et le Canada, c&#8217;est peut-\u00eatre le moment d&#8217;agir rapidement avant que les tarifs n&#8217;augmentent consid\u00e9rablement les co\u00fbts. \u00c0 la lumi\u00e8re de la r\u00e9cente r\u00e9\u00e9lection du pr\u00e9sident Donald Trump et de son accent renouvel\u00e9 sur les politiques commerciales protectionnistes, un tarif de 25 % sur les importations et exportations automobiles entre les \u00c9tats-Unis et le Canada est imminent. Mais pourquoi ceux qui souhaitent exp\u00e9dier leurs v\u00e9hicules devraient-ils s&#8217;inqui\u00e9ter ?<\/p>\n\n\n\n<h2 class=\"wp-block-heading\" id=\"h-pourquoi-devriez-vous-vous-inquieter\">Pourquoi devriez-vous vous inqui\u00e9ter ?<\/h2>\n\n\n\n<h3 class=\"wp-block-heading\" id=\"h-couts-plus-eleves-pour-les-importations-de-vehicules\"><strong>Co\u00fbts plus \u00e9lev\u00e9s pour les importations de v\u00e9hicules<\/strong><\/h3>\n\n\n\n<p>Si ces tarifs entrent en vigueur, exp\u00e9dier votre voiture \u00e0 travers la fronti\u00e8re risque d&#8217;entra\u00eener un co\u00fbt financier important. Nous avons d\u00e9j\u00e0 mentionn\u00e9 que le commerce entre les deux pays est principalement concentr\u00e9 dans le secteur automobile. Un tarif de 25 % augmenterait les prix des v\u00e9hicules import\u00e9s, ce qui affecterait aussi bien les acheteurs que les vendeurs.<\/p>\n\n\n\n<h3 class=\"wp-block-heading\" id=\"h-perturbations-de-la-chaine-d-approvisionnement\"><strong>Perturbations de la cha\u00eene d&#8217;approvisionnement<\/strong><\/h3>\n\n\n\n<p>Les fabricants automobiles d\u00e9pendent d&#8217;un commerce transfrontalier fluide. En effet, l&#8217;industrie automobile entre les \u00c9tats-Unis et le Canada est tellement int\u00e9gr\u00e9e que les pi\u00e8ces sont fabriqu\u00e9es dans un pays et g\u00e9n\u00e9ralement assembl\u00e9es dans l&#8217;autre. Si les tarifs sont appliqu\u00e9s, attendez-vous \u00e0 des retards et \u00e0 des hausses de prix \u00e0 mesure que les entreprises s&#8217;adaptent aux nouveaux co\u00fbts.<\/p>\n\n\n\n<h3 class=\"wp-block-heading\" id=\"h-temps-limite-pour-eviter-la-hausse\"><strong>Temps limit\u00e9 pour \u00e9viter la hausse<\/strong><\/h3>\n\n\n\n<p>Si vous envisagez d&#8217;exp\u00e9dier un v\u00e9hicule, agir avant l&#8217;entr\u00e9e en vigueur des tarifs pourrait vous faire \u00e9conomiser des milliers de dollars. Les transporteurs risquent de conna\u00eetre un afflux d&#8217;exp\u00e9ditions de derni\u00e8re minute, rendant l&#8217;action pr\u00e9coce encore plus cruciale. Contactez-nous chez <a href=\"https:\/\/www.uscanadaautotransport.com\/fr\/devis-dexpedition\/\">US Canada Auto Transport<\/a> pour savoir comment vous pouvez vous \u00e9pargner cette difficult\u00e9 en exp\u00e9diant votre voiture avant l&#8217;entr\u00e9e en vigueur des tarifs.<\/p>\n\n\n\n<h3 class=\"wp-block-heading\" id=\"h-nous-sommes-egalement-inquiets\"><strong>Nous sommes \u00e9galement inquiets<\/strong><\/h3>\n\n\n\n<p>Les entreprises de transport automobile ont \u00e9t\u00e9 fortement impact\u00e9es par la menace des tarifs, et nous, chez US Canada Auto Transport, avons \u00e9galement \u00e9t\u00e9 affect\u00e9s. Cependant, nous restons la meilleure option pour ceux qui souhaitent exp\u00e9dier leurs v\u00e9hicules du Canada vers les \u00c9tats-Unis ou dans l&#8217;autre sens.<\/p>\n\n\n\n<h2 class=\"wp-block-heading\" id=\"h-que-pouvez-vous-faire\">Que pouvez-vous faire ?<\/h2>\n\n\n\n<p><strong>Exp\u00e9diez votre voiture maintenant :<\/strong> Si vous h\u00e9sitez, n&#8217;attendez pas. Verrouillez un accord d&#8217;exp\u00e9dition avant que les tarifs potentiels ne prennent effet. Parlez-nous pour commencer.<\/p>\n\n\n\n<p><strong>Restez inform\u00e9 :<\/strong> Les politiques commerciales changent rapidement, surtout en ce qui concerne le pr\u00e9sident Trump. Il est fort probable que nous aurons d&#8217;autres rebondissements dans cette histoire avant que la question ne soit r\u00e9gl\u00e9e d&#8217;une mani\u00e8re ou d&#8217;une autre. Gardez un \u0153il sur les annonces gouvernementales pour \u00e9viter des hausses de co\u00fbts soudaines.<\/p>\n\n\n\n<p><strong>Envisagez des options alternatives :<\/strong> Si les tarifs sont appliqu\u00e9s, il pourrait \u00eatre moins cher d&#8217;acheter ou de vendre votre voiture \u00e0 l&#8217;int\u00e9rieur du m\u00eame pays plut\u00f4t que de l&#8217;importer\/exporter. Ainsi, si vous \u00eates au Canada, envisagez d&#8217;acheter votre v\u00e9hicule localement. Si vous \u00eates aux \u00c9tats-Unis, faites de m\u00eame. Certes, les co\u00fbts d&#8217;exp\u00e9dition risquent d&#8217;augmenter si des tarifs sont impos\u00e9s, mais au moins vous n&#8217;aurez pas \u00e0 vous soucier des frais d&#8217;exp\u00e9dition.<\/p>\n\n\n\n<h2 class=\"wp-block-heading\" id=\"h-preparez-vous-a-des-augmentations-de-prix-significatives\">Pr\u00e9parez-vous \u00e0 des augmentations de prix significatives<\/h2>\n\n\n\n<p>Si les \u00c9tats-Unis imposent un tarif de 25 % sur les v\u00e9hicules import\u00e9s du Canada, l&#8217;augmentation des prix pour les consommateurs d\u00e9pendra de plusieurs facteurs, notamment de la mesure dans laquelle le co\u00fbt du tarif est r\u00e9percut\u00e9 par les fabricants automobiles, des ajustements de la cha\u00eene d&#8217;approvisionnement et de la capacit\u00e9 de production nationale. Cependant, les estimations sugg\u00e8rent ce qui suit :<\/p>\n\n\n\n<p><strong>Impact direct sur les prix :<\/strong> Un tarif de 25 % sur les v\u00e9hicules fabriqu\u00e9s au Canada pourrait augmenter les prix des v\u00e9hicules de 5 000 \u00e0 10 000 $ par voiture pour les mod\u00e8les enti\u00e8rement import\u00e9s.<br>Les v\u00e9hicules de luxe et les camions, qui ont souvent des prix plus \u00e9lev\u00e9s, pourraient voir des augmentations encore plus importantes.<\/p>\n\n\n\n<p><strong>Impact sur la fabrication am\u00e9ricaine :<\/strong> De nombreux v\u00e9hicules assembl\u00e9s aux \u00c9tats-Unis d\u00e9pendent des pi\u00e8ces et composants canadiens. Si les tarifs sont \u00e9galement appliqu\u00e9s aux pi\u00e8ces automobiles, cela pourrait augmenter les prix des v\u00e9hicules dans l&#8217;ensemble, pas seulement pour les importations canadiennes.<br>M\u00eame les v\u00e9hicules fabriqu\u00e9s aux \u00c9tats-Unis pourraient devenir plus chers de 1 000 \u00e0 2 000 $ en raison de la hausse des co\u00fbts des pi\u00e8ces.<\/p>\n\n\n\n<p><strong>Impact sur l&#8217;industrie en g\u00e9n\u00e9ral :<\/strong>  Les fabricants automobiles canadiens (comme ceux produisant en Ontario pour des marques am\u00e9ricaines) pourraient d\u00e9placer leur production ou r\u00e9percuter les co\u00fbts sur les consommateurs am\u00e9ricains.<br>Certains fabricants am\u00e9ricains pourraient absorber une partie du tarif pour rester comp\u00e9titifs, mais cela pourrait entra\u00eener des pertes d&#8217;emplois ou des fermetures d&#8217;usines pour compenser les co\u00fbts.<\/p>\n\n\n\n<h2 class=\"wp-block-heading\" id=\"h-augmentations-de-prix-estimees-par-marque-si-100-du-tarif-est-repercute-sur-les-consommateurs\">Augmentations de prix estim\u00e9es par marque (si 100 % du tarif est r\u00e9percut\u00e9 sur les consommateurs)<\/h2>\n\n\n\n<figure class=\"wp-block-table\"><table class=\"has-fixed-layout\"><thead><tr><th>Marque<\/th><th>Mod\u00e8les affect\u00e9s (fabriqu\u00e9s au Canada)<\/th><th>Augmentation de prix estim\u00e9e (USD)<\/th><\/tr><\/thead><tbody><tr><td>Ford<\/td><td>Edge<\/td><td>8 000 $ &#8211; 10 000 $<\/td><\/tr><tr><td>GM (Chevrolet, GMC, Cadillac)<\/td><td>Chevrolet Equinox, GMC Terrain, Cadillac XT4<\/td><td>6 000 $ &#8211; 9 000 $<\/td><\/tr><tr><td>Chrysler (Stellantis)<\/td><td>Chrysler Pacifica, Dodge Charger\/Challenger<\/td><td>7 000 $ &#8211; 10 000 $<\/td><\/tr><tr><td>Toyota<\/td><td>RAV4, Lexus RX<\/td><td>5 000 $ &#8211; 8 000 $<\/td><\/tr><tr><td>Honda<\/td><td>CR-V, Civic (certaines finitions)<\/td><td>4 000 $ &#8211; 7 000 $<\/td><\/tr><tr><td>Volkswagen<\/td><td>Aucun (impact minimal)<\/td><td>Aucun impact majeur<\/td><\/tr><\/tbody><\/table><\/figure>\n\n\n\n<h2 class=\"wp-block-heading\" id=\"h-points-cles-a-retenir\"><strong>Points cl\u00e9s \u00e0 retenir<\/strong><\/h2>\n\n\n\n<ul class=\"wp-block-list\">\n<li><strong>Ford, GM et Chrysler (Stellantis)<\/strong> seront les plus touch\u00e9s, car ces marques fabriquent plusieurs mod\u00e8les \u00e0 fort volume au Canada. Comme mentionn\u00e9 pr\u00e9c\u00e9demment, les v\u00e9hicules haut de gamme seront les plus affect\u00e9s.<\/li>\n\n\n\n<li><strong>Toyota et Honda<\/strong> subiront \u00e9galement des augmentations de prix importantes, en particulier pour des mod\u00e8les populaires comme le <strong>RAV4<\/strong> et le <strong>CR-V<\/strong>.<\/li>\n\n\n\n<li>Les <strong>v\u00e9hicules de luxe<\/strong> comme le <strong>Lexus RX<\/strong> et le <strong>Cadillac XT4<\/strong> verront des augmentations encore plus importantes en raison de leurs prix d\u00e9j\u00e0 \u00e9lev\u00e9s.<\/li>\n\n\n\n<li><strong>Volkswagen<\/strong> et certaines autres marques europ\u00e9ennes conna\u00eetront un impact minimal, car elles importent leurs v\u00e9hicules du Mexique, de l&#8217;Europe ou d&#8217;usines am\u00e9ricaines. Cependant, il existe une possibilit\u00e9 que ces pays soient \u00e9galement soumis aux tarifs.<\/li>\n<\/ul>\n\n\n\n<h2 class=\"wp-block-heading\" id=\"h-les-avantages-d-expedier-votre-voiture-maintenant\"><strong>Les avantages d&#8217;exp\u00e9dier votre voiture maintenant<\/strong><\/h2>\n\n\n\n<p>Il est judicieux d&#8217;exp\u00e9dier votre v\u00e9hicule avant que les tarifs n&#8217;entrent en vigueur. Voici quelques-uns des avantages \u00e0 le faire :<\/p>\n\n\n\n<ol class=\"wp-block-list\">\n<li><strong>\u00c9conomies financi\u00e8res<\/strong><br>En agissant rapidement, vous pouvez \u00e9conomiser des milliers de dollars. Comme illustr\u00e9 ci-dessus, les augmentations de prix potentielles rendent imp\u00e9ratif d&#8217;exp\u00e9dier votre voiture avant l&#8217;entr\u00e9e en vigueur des tarifs. De plus, les co\u00fbts d&#8217;exp\u00e9dition devraient augmenter, il est donc sage de s\u00e9curiser votre service d&#8217;exp\u00e9dition aux tarifs actuels.<\/li>\n\n\n\n<li><strong>\u00c9viter les fluctuations du march\u00e9<\/strong><br>Le march\u00e9 automobile est tr\u00e8s volatil, surtout pendant des p\u00e9riodes d&#8217;incertitude, comme les discussions sur les tarifs. En exp\u00e9diant votre voiture maintenant, vous pouvez \u00e9viter les fluctuations qui accompagnent g\u00e9n\u00e9ralement ces changements. Cette stabilit\u00e9 peut \u00eatre b\u00e9n\u00e9fique pour les acheteurs et les vendeurs.<\/li>\n\n\n\n<li><strong>Flexibilit\u00e9 dans le choix<\/strong><br>Exp\u00e9dier votre voiture avant l&#8217;entr\u00e9e en vigueur des tarifs vous offre une plus grande flexibilit\u00e9 dans le choix d&#8217;un v\u00e9hicule. Vous aurez acc\u00e8s \u00e0 une gamme plus large d&#8217;options sans les contraintes impos\u00e9es par l&#8217;augmentation des prix ou la disponibilit\u00e9 limit\u00e9e.<\/li>\n<\/ol>\n\n\n\n<h2 class=\"wp-block-heading\" id=\"h-le-president-trump-changera-t-il-d-avis\"><strong>Le pr\u00e9sident Trump changera-t-il d&#8217;avis ?<\/strong><\/h2>\n\n\n\n<p>Bien qu&#8217;il soit facile de supposer que, d\u00e8s qu&#8217;un tarif est propos\u00e9, il sera mis en \u0153uvre, la r\u00e9alit\u00e9 peut \u00eatre plus complexe. C&#8217;est particuli\u00e8rement le cas pour le pr\u00e9sident Trump. Oui, il a menac\u00e9 d&#8217;imposer des tarifs de 25 % sur le Canada, mais il pourrait encore changer d&#8217;avis.<\/p>\n\n\n\n<p>Historiquement, les n\u00e9gociations commerciales ont \u00e9t\u00e9 fluides, avec des positions qui changent en fonction de divers facteurs, notamment les conditions \u00e9conomiques et les pressions politiques.<\/p>\n\n\n\n<p>Bien qu&#8217;il y ait toujours une possibilit\u00e9 que le pr\u00e9sident Trump reconsid\u00e8re son approche, il semble peu probable qu&#8217;il fasse marche arri\u00e8re sur les tarifs propos\u00e9s sans des concessions importantes de la part du Canada. L&#8217;accent mis par l&#8217;administration sur la protection de la fabrication am\u00e9ricaine sugg\u00e8re qu&#8217;ils pourraient \u00eatre d\u00e9termin\u00e9s \u00e0 appliquer ces tarifs.<\/p>\n\n\n\n<h2 class=\"wp-block-heading\" id=\"h-reaction-potentielle-du-canada\"><strong>R\u00e9action potentielle du Canada<\/strong><\/h2>\n\n\n\n<p><a href=\"https:\/\/www.reuters.com\/world\/americas\/canadas-trudeau-announces-counter-tariffs-2025-02-02\/\">Le Canada a clairement indiqu\u00e9 qu&#8217;il riposterait \u00e0 toute taxe impos\u00e9e sur ses exportations.<\/a> Cela pourrait entra\u00eener une guerre commerciale de plus en plus intense, affectant non seulement l&#8217;industrie automobile, mais aussi d&#8217;autres secteurs tels que l&#8217;agriculture et la fabrication. Les disputes commerciales peuvent avoir des cons\u00e9quences de grande envergure, affectant potentiellement les consommateurs et les entreprises des deux c\u00f4t\u00e9s de la fronti\u00e8re.<\/p>\n\n\n\n<p>La possibilit\u00e9 d&#8217;une guerre commerciale croissante est forte si les tarifs sont appliqu\u00e9s et que des mesures de repr\u00e9sailles suivent. Un cycle de tarifs pourrait entra\u00eener une augmentation des co\u00fbts pour les consommateurs, une disponibilit\u00e9 r\u00e9duite des biens et une relation tendue entre les deux nations. Les entreprises des deux pays pourraient se retrouver face \u00e0 de l&#8217;incertitude, ce qui affecterait les d\u00e9cisions d&#8217;investissement et la croissance \u00e9conomique.<\/p>\n\n\n\n<h2 class=\"wp-block-heading\" id=\"h-comment-expedier-efficacement-votre-voiture\"><strong>Comment exp\u00e9dier efficacement votre voiture<\/strong><\/h2>\n\n\n\n<p>Exp\u00e9dier une voiture ne doit pas \u00eatre compliqu\u00e9. Voici quelques \u00e9tapes pour garantir un processus d&#8217;exp\u00e9dition sans accroc :<\/p>\n\n\n\n<ol class=\"wp-block-list\">\n<li><strong>Recherchez des entreprises d&#8217;exp\u00e9dition<\/strong><br>Choisissez une entreprise d&#8217;exp\u00e9dition r\u00e9put\u00e9e, sp\u00e9cialis\u00e9e dans le transport de v\u00e9hicules, comme US Canada Auto Transport. Consultez les avis, demandez des devis et assurez-vous qu&#8217;ils sont agr\u00e9\u00e9s et assur\u00e9s.<\/li>\n\n\n\n<li><strong>Pr\u00e9parez votre v\u00e9hicule<\/strong><br>Avant l&#8217;exp\u00e9dition, assurez-vous que votre v\u00e9hicule est en bon \u00e9tat. Retirez les objets personnels, nettoyez la voiture et documentez les \u00e9ventuels dommages existants. Cela vous aidera \u00e0 \u00e9viter les litiges plus tard.<\/li>\n\n\n\n<li><strong>R\u00e9servez t\u00f4t<\/strong><br>Une fois que vous avez choisi une entreprise d&#8217;exp\u00e9dition, r\u00e9servez votre exp\u00e9dition d\u00e8s que possible. Plus vous s\u00e9curisez votre exp\u00e9dition t\u00f4t, plus vous avez de chances de verrouiller des tarifs plus bas.<\/li>\n<\/ol>\n\n\n\n<h2 class=\"wp-block-heading\" id=\"h-faire-le-bon-choix\"><strong>Faire le bon choix<\/strong><\/h2>\n\n\n\n<p>Voil\u00e0, c&#8217;est dit. Reste \u00e0 savoir si le pr\u00e9sident Trump ira de l\u2019avant avec sa menace d\u2019imposer des tarifs de 25 % sur le Canada. Si vous avez pr\u00e9vu d&#8217;exp\u00e9dier une voiture \u00e0 travers la fronti\u00e8re canado-am\u00e9ricaine, il vaut mieux le faire maintenant.<\/p>\n\n\n\n<p>Si les tarifs de Trump prennent effet, ils bouleverseront l&#8217;industrie automobile dans les deux pays. Il est fort probable que les fabricants choisissent de transf\u00e9rer ce fardeau aux consommateurs, entra\u00eenant une hausse des prix.<\/p>\n\n\n\n<p>Exp\u00e9dier votre voiture maintenant peut vous faire \u00e9conomiser de l&#8217;argent et vous offrir une tranquillit\u00e9 d&#8217;esprit alors que le paysage automobile \u00e9volue. Avec l&#8217;incertitude qui entoure les politiques commerciales et la possibilit\u00e9 d&#8217;une escalade des tensions, agir rapidement pourrait faire toute la diff\u00e9rence pour votre avenir financier.<\/p>\n\n\n\n<p><a href=\"https:\/\/www.uscanadaautotransport.com\/fr\/comment-expedier-des-pieces-automobiles-des-etats-unis-vers-le-canada\/\">Apprenez comment exp\u00e9dier des pi\u00e8ces automobiles des \u00c9tats-Unis vers le Canada.<\/a><\/p>\n\n\n\n<p><\/p>\n","protected":false},"excerpt":{"rendered":"<p>La menace du pr\u00e9sident Donald Trump d&#8217;imposer des tarifs de 25 % sur les importations en provenance du Canada menace [&hellip;]<\/p>\n","protected":false},"author":1,"featured_media":3674,"comment_status":"closed","ping_status":"closed","sticky":false,"template":"","format":"standard","meta":{"_kad_blocks_custom_css":"","_kad_blocks_head_custom_js":"","_kad_blocks_body_custom_js":"","_kad_blocks_footer_custom_js":"","site-sidebar-layout":"default","site-content-layout":"","ast-site-content-layout":"default","site-content-style":"default","site-sidebar-style":"default","ast-global-header-display":"","ast-banner-title-visibility":"","ast-main-header-display":"","ast-hfb-above-header-display":"","ast-hfb-below-header-display":"","ast-hfb-mobile-header-display":"","site-post-title":"","ast-breadcrumbs-content":"","ast-featured-img":"","footer-sml-layout":"","ast-disable-related-posts":"","theme-transparent-header-meta":"","adv-header-id-meta":"","stick-header-meta":"","header-above-stick-meta":"","header-main-stick-meta":"","header-below-stick-meta":"","astra-migrate-meta-layouts":"set","ast-page-background-enabled":"default","ast-page-background-meta":{"desktop":{"background-color":"var(--ast-global-color-4)","background-image":"","background-repeat":"repeat","background-position":"center center","background-size":"auto","background-attachment":"scroll","background-type":"","background-media":"","overlay-type":"","overlay-color":"","overlay-opacity":"","overlay-gradient":""},"tablet":{"background-color":"","background-image":"","background-repeat":"repeat","background-position":"center center","background-size":"auto","background-attachment":"scroll","background-type":"","background-media":"","overlay-type":"","overlay-color":"","overlay-opacity":"","overlay-gradient":""},"mobile":{"background-color":"","background-image":"","background-repeat":"repeat","background-position":"center center","background-size":"auto","background-attachment":"scroll","background-type":"","background-media":"","overlay-type":"","overlay-color":"","overlay-opacity":"","overlay-gradient":""}},"ast-content-background-meta":{"desktop":{"background-color":"var(--ast-global-color-5)","background-image":"","background-repeat":"repeat","background-position":"center center","background-size":"auto","background-attachment":"scroll","background-type":"","background-media":"","overlay-type":"","overlay-color":"","overlay-opacity":"","overlay-gradient":""},"tablet":{"background-color":"var(--ast-global-color-5)","background-image":"","background-repeat":"repeat","background-position":"center center","background-size":"auto","background-attachment":"scroll","background-type":"","background-media":"","overlay-type":"","overlay-color":"","overlay-opacity":"","overlay-gradient":""},"mobile":{"background-color":"var(--ast-global-color-5)","background-image":"","background-repeat":"repeat","background-position":"center center","background-size":"auto","background-attachment":"scroll","background-type":"","background-media":"","overlay-type":"","overlay-color":"","overlay-opacity":"","overlay-gradient":""}},"footnotes":""},"categories":[5,4],"tags":[],"class_list":["post-3673","post","type-post","status-publish","format-standard","has-post-thumbnail","hentry","category-tarif","category-transport-automobile-vers-le-canada"],"yoast_head":"<!-- This site is optimized with the Yoast SEO Premium plugin v27.4 (Yoast SEO v27.4) - https:\/\/yoast.com\/product\/yoast-seo-premium-wordpress\/ -->\n<title>Pourquoi vous devez exp\u00e9dier votre voiture maintenant avant l&#039;entr\u00e9e en vigueur des tarifs de 25 % du pr\u00e9sident Trump sur le Canada - French<\/title>\n<meta name=\"robots\" content=\"index, follow, max-snippet:-1, max-image-preview:large, max-video-preview:-1\" \/>\n<link rel=\"canonical\" href=\"https:\/\/www.uscanadaautotransport.com\/fr\/pourquoi-vous-devez-expedier-votre-voiture-maintenant-avant-lentree-en-vigueur-des-tarifs-de-25-du-president-trump-sur-le-canada\/\" \/>\n<meta property=\"og:locale\" content=\"en_US\" \/>\n<meta property=\"og:type\" content=\"article\" \/>\n<meta property=\"og:title\" content=\"Pourquoi vous devez exp\u00e9dier votre voiture maintenant avant l&#039;entr\u00e9e en vigueur des tarifs de 25 % du pr\u00e9sident Trump sur le Canada\" \/>\n<meta property=\"og:description\" content=\"La menace du pr\u00e9sident Donald Trump d&#8217;imposer des tarifs de 25 % sur les importations en provenance du Canada menace [&hellip;]\" \/>\n<meta property=\"og:url\" content=\"https:\/\/www.uscanadaautotransport.com\/fr\/pourquoi-vous-devez-expedier-votre-voiture-maintenant-avant-lentree-en-vigueur-des-tarifs-de-25-du-president-trump-sur-le-canada\/\" \/>\n<meta property=\"og:site_name\" content=\"French\" \/>\n<meta property=\"article:published_time\" content=\"2025-02-05T13:57:31+00:00\" \/>\n<meta property=\"article:modified_time\" content=\"2025-03-15T23:49:44+00:00\" \/>\n<meta property=\"og:image\" content=\"https:\/\/www.uscanadaautotransport.com\/fr\/wp-content\/uploads\/sites\/2\/2025\/03\/car-carrier-trailer-6839728_1280.jpg.webp\" \/>\n\t<meta property=\"og:image:width\" content=\"1280\" \/>\n\t<meta property=\"og:image:height\" content=\"853\" \/>\n\t<meta property=\"og:image:type\" content=\"image\/webp\" \/>\n<meta name=\"author\" content=\"admin\" \/>\n<meta name=\"twitter:card\" content=\"summary_large_image\" \/>\n<meta name=\"twitter:label1\" content=\"Written by\" \/>\n\t<meta name=\"twitter:data1\" content=\"admin\" \/>\n\t<meta name=\"twitter:label2\" content=\"Est. reading time\" \/>\n\t<meta name=\"twitter:data2\" content=\"10 minutes\" \/>\n<script type=\"application\/ld+json\" class=\"yoast-schema-graph\">{\"@context\":\"https:\\\/\\\/schema.org\",\"@graph\":[{\"@type\":\"Article\",\"@id\":\"https:\\\/\\\/www.uscanadaautotransport.com\\\/fr\\\/pourquoi-vous-devez-expedier-votre-voiture-maintenant-avant-lentree-en-vigueur-des-tarifs-de-25-du-president-trump-sur-le-canada\\\/#article\",\"isPartOf\":{\"@id\":\"https:\\\/\\\/www.uscanadaautotransport.com\\\/fr\\\/pourquoi-vous-devez-expedier-votre-voiture-maintenant-avant-lentree-en-vigueur-des-tarifs-de-25-du-president-trump-sur-le-canada\\\/\"},\"author\":{\"name\":\"admin\",\"@id\":\"https:\\\/\\\/www.uscanadaautotransport.com\\\/fr\\\/#\\\/schema\\\/person\\\/fbbd5fbe14201f7e89d3174e481aae2f\"},\"headline\":\"Pourquoi vous devez exp\u00e9dier votre voiture maintenant avant l&#8217;entr\u00e9e en vigueur des tarifs de 25 % du pr\u00e9sident Trump sur le Canada\",\"datePublished\":\"2025-02-05T13:57:31+00:00\",\"dateModified\":\"2025-03-15T23:49:44+00:00\",\"mainEntityOfPage\":{\"@id\":\"https:\\\/\\\/www.uscanadaautotransport.com\\\/fr\\\/pourquoi-vous-devez-expedier-votre-voiture-maintenant-avant-lentree-en-vigueur-des-tarifs-de-25-du-president-trump-sur-le-canada\\\/\"},\"wordCount\":2195,\"publisher\":{\"@id\":\"https:\\\/\\\/www.uscanadaautotransport.com\\\/fr\\\/#organization\"},\"image\":{\"@id\":\"https:\\\/\\\/www.uscanadaautotransport.com\\\/fr\\\/pourquoi-vous-devez-expedier-votre-voiture-maintenant-avant-lentree-en-vigueur-des-tarifs-de-25-du-president-trump-sur-le-canada\\\/#primaryimage\"},\"thumbnailUrl\":\"https:\\\/\\\/www.uscanadaautotransport.com\\\/fr\\\/wp-content\\\/uploads\\\/sites\\\/2\\\/2025\\\/03\\\/car-carrier-trailer-6839728_1280.jpg.webp\",\"articleSection\":[\"Tarif\",\"Transport automobile vers le Canada\"],\"inLanguage\":\"en-US\"},{\"@type\":\"WebPage\",\"@id\":\"https:\\\/\\\/www.uscanadaautotransport.com\\\/fr\\\/pourquoi-vous-devez-expedier-votre-voiture-maintenant-avant-lentree-en-vigueur-des-tarifs-de-25-du-president-trump-sur-le-canada\\\/\",\"url\":\"https:\\\/\\\/www.uscanadaautotransport.com\\\/fr\\\/pourquoi-vous-devez-expedier-votre-voiture-maintenant-avant-lentree-en-vigueur-des-tarifs-de-25-du-president-trump-sur-le-canada\\\/\",\"name\":\"Pourquoi vous devez exp\u00e9dier votre voiture maintenant avant l'entr\u00e9e en vigueur des tarifs de 25 % du pr\u00e9sident Trump sur le Canada - French\",\"isPartOf\":{\"@id\":\"https:\\\/\\\/www.uscanadaautotransport.com\\\/fr\\\/#website\"},\"primaryImageOfPage\":{\"@id\":\"https:\\\/\\\/www.uscanadaautotransport.com\\\/fr\\\/pourquoi-vous-devez-expedier-votre-voiture-maintenant-avant-lentree-en-vigueur-des-tarifs-de-25-du-president-trump-sur-le-canada\\\/#primaryimage\"},\"image\":{\"@id\":\"https:\\\/\\\/www.uscanadaautotransport.com\\\/fr\\\/pourquoi-vous-devez-expedier-votre-voiture-maintenant-avant-lentree-en-vigueur-des-tarifs-de-25-du-president-trump-sur-le-canada\\\/#primaryimage\"},\"thumbnailUrl\":\"https:\\\/\\\/www.uscanadaautotransport.com\\\/fr\\\/wp-content\\\/uploads\\\/sites\\\/2\\\/2025\\\/03\\\/car-carrier-trailer-6839728_1280.jpg.webp\",\"datePublished\":\"2025-02-05T13:57:31+00:00\",\"dateModified\":\"2025-03-15T23:49:44+00:00\",\"breadcrumb\":{\"@id\":\"https:\\\/\\\/www.uscanadaautotransport.com\\\/fr\\\/pourquoi-vous-devez-expedier-votre-voiture-maintenant-avant-lentree-en-vigueur-des-tarifs-de-25-du-president-trump-sur-le-canada\\\/#breadcrumb\"},\"inLanguage\":\"en-US\",\"potentialAction\":[{\"@type\":\"ReadAction\",\"target\":[\"https:\\\/\\\/www.uscanadaautotransport.com\\\/fr\\\/pourquoi-vous-devez-expedier-votre-voiture-maintenant-avant-lentree-en-vigueur-des-tarifs-de-25-du-president-trump-sur-le-canada\\\/\"]}]},{\"@type\":\"ImageObject\",\"inLanguage\":\"en-US\",\"@id\":\"https:\\\/\\\/www.uscanadaautotransport.com\\\/fr\\\/pourquoi-vous-devez-expedier-votre-voiture-maintenant-avant-lentree-en-vigueur-des-tarifs-de-25-du-president-trump-sur-le-canada\\\/#primaryimage\",\"url\":\"https:\\\/\\\/www.uscanadaautotransport.com\\\/fr\\\/wp-content\\\/uploads\\\/sites\\\/2\\\/2025\\\/03\\\/car-carrier-trailer-6839728_1280.jpg.webp\",\"contentUrl\":\"https:\\\/\\\/www.uscanadaautotransport.com\\\/fr\\\/wp-content\\\/uploads\\\/sites\\\/2\\\/2025\\\/03\\\/car-carrier-trailer-6839728_1280.jpg.webp\",\"width\":1280,\"height\":853,\"caption\":\"Pourquoi vous devez exp\u00e9dier votre voiture maintenant avant l'entr\u00e9e en vigueur des tarifs de 25 % du pr\u00e9sident Trump sur le Canada\"},{\"@type\":\"BreadcrumbList\",\"@id\":\"https:\\\/\\\/www.uscanadaautotransport.com\\\/fr\\\/pourquoi-vous-devez-expedier-votre-voiture-maintenant-avant-lentree-en-vigueur-des-tarifs-de-25-du-president-trump-sur-le-canada\\\/#breadcrumb\",\"itemListElement\":[{\"@type\":\"ListItem\",\"position\":1,\"name\":\"Home\",\"item\":\"https:\\\/\\\/www.uscanadaautotransport.com\\\/fr\\\/\"},{\"@type\":\"ListItem\",\"position\":2,\"name\":\"Pourquoi vous devez exp\u00e9dier votre voiture maintenant avant l&#8217;entr\u00e9e en vigueur des tarifs de 25 % du pr\u00e9sident Trump sur le Canada\"}]},{\"@type\":\"WebSite\",\"@id\":\"https:\\\/\\\/www.uscanadaautotransport.com\\\/fr\\\/#website\",\"url\":\"https:\\\/\\\/www.uscanadaautotransport.com\\\/fr\\\/\",\"name\":\"French\",\"description\":\"\",\"publisher\":{\"@id\":\"https:\\\/\\\/www.uscanadaautotransport.com\\\/fr\\\/#organization\"},\"potentialAction\":[{\"@type\":\"SearchAction\",\"target\":{\"@type\":\"EntryPoint\",\"urlTemplate\":\"https:\\\/\\\/www.uscanadaautotransport.com\\\/fr\\\/?s={search_term_string}\"},\"query-input\":{\"@type\":\"PropertyValueSpecification\",\"valueRequired\":true,\"valueName\":\"search_term_string\"}}],\"inLanguage\":\"en-US\"},{\"@type\":\"Organization\",\"@id\":\"https:\\\/\\\/www.uscanadaautotransport.com\\\/fr\\\/#organization\",\"name\":\"French\",\"url\":\"https:\\\/\\\/www.uscanadaautotransport.com\\\/fr\\\/\",\"logo\":{\"@type\":\"ImageObject\",\"inLanguage\":\"en-US\",\"@id\":\"https:\\\/\\\/www.uscanadaautotransport.com\\\/fr\\\/#\\\/schema\\\/logo\\\/image\\\/\",\"url\":\"https:\\\/\\\/www.uscanadaautotransport.com\\\/fr\\\/wp-content\\\/uploads\\\/sites\\\/2\\\/2023\\\/04\\\/cropped-cropped-android-chrome-512x512-1-300x300-1.png\",\"contentUrl\":\"https:\\\/\\\/www.uscanadaautotransport.com\\\/fr\\\/wp-content\\\/uploads\\\/sites\\\/2\\\/2023\\\/04\\\/cropped-cropped-android-chrome-512x512-1-300x300-1.png\",\"width\":300,\"height\":300,\"caption\":\"French\"},\"image\":{\"@id\":\"https:\\\/\\\/www.uscanadaautotransport.com\\\/fr\\\/#\\\/schema\\\/logo\\\/image\\\/\"}},{\"@type\":\"Person\",\"@id\":\"https:\\\/\\\/www.uscanadaautotransport.com\\\/fr\\\/#\\\/schema\\\/person\\\/fbbd5fbe14201f7e89d3174e481aae2f\",\"name\":\"admin\",\"image\":{\"@type\":\"ImageObject\",\"inLanguage\":\"en-US\",\"@id\":\"https:\\\/\\\/secure.gravatar.com\\\/avatar\\\/004b9a3b561786831e830322312f8a54e5bd86e7f6c0407a11fba027fecf788e?s=96&d=mm&r=g\",\"url\":\"https:\\\/\\\/secure.gravatar.com\\\/avatar\\\/004b9a3b561786831e830322312f8a54e5bd86e7f6c0407a11fba027fecf788e?s=96&d=mm&r=g\",\"contentUrl\":\"https:\\\/\\\/secure.gravatar.com\\\/avatar\\\/004b9a3b561786831e830322312f8a54e5bd86e7f6c0407a11fba027fecf788e?s=96&d=mm&r=g\",\"caption\":\"admin\"}}]}<\/script>\n<!-- \/ Yoast SEO Premium plugin. -->","yoast_head_json":{"title":"Pourquoi vous devez exp\u00e9dier votre voiture maintenant avant l'entr\u00e9e en vigueur des tarifs de 25 % du pr\u00e9sident Trump sur le Canada - French","robots":{"index":"index","follow":"follow","max-snippet":"max-snippet:-1","max-image-preview":"max-image-preview:large","max-video-preview":"max-video-preview:-1"},"canonical":"https:\/\/www.uscanadaautotransport.com\/fr\/pourquoi-vous-devez-expedier-votre-voiture-maintenant-avant-lentree-en-vigueur-des-tarifs-de-25-du-president-trump-sur-le-canada\/","og_locale":"en_US","og_type":"article","og_title":"Pourquoi vous devez exp\u00e9dier votre voiture maintenant avant l'entr\u00e9e en vigueur des tarifs de 25 % du pr\u00e9sident Trump sur le Canada","og_description":"La menace du pr\u00e9sident Donald Trump d&#8217;imposer des tarifs de 25 % sur les importations en provenance du Canada menace [&hellip;]","og_url":"https:\/\/www.uscanadaautotransport.com\/fr\/pourquoi-vous-devez-expedier-votre-voiture-maintenant-avant-lentree-en-vigueur-des-tarifs-de-25-du-president-trump-sur-le-canada\/","og_site_name":"French","article_published_time":"2025-02-05T13:57:31+00:00","article_modified_time":"2025-03-15T23:49:44+00:00","og_image":[{"width":1280,"height":853,"url":"https:\/\/www.uscanadaautotransport.com\/fr\/wp-content\/uploads\/sites\/2\/2025\/03\/car-carrier-trailer-6839728_1280.jpg.webp","type":"image\/webp"}],"author":"admin","twitter_card":"summary_large_image","twitter_misc":{"Written by":"admin","Est. reading time":"10 minutes"},"schema":{"@context":"https:\/\/schema.org","@graph":[{"@type":"Article","@id":"https:\/\/www.uscanadaautotransport.com\/fr\/pourquoi-vous-devez-expedier-votre-voiture-maintenant-avant-lentree-en-vigueur-des-tarifs-de-25-du-president-trump-sur-le-canada\/#article","isPartOf":{"@id":"https:\/\/www.uscanadaautotransport.com\/fr\/pourquoi-vous-devez-expedier-votre-voiture-maintenant-avant-lentree-en-vigueur-des-tarifs-de-25-du-president-trump-sur-le-canada\/"},"author":{"name":"admin","@id":"https:\/\/www.uscanadaautotransport.com\/fr\/#\/schema\/person\/fbbd5fbe14201f7e89d3174e481aae2f"},"headline":"Pourquoi vous devez exp\u00e9dier votre voiture maintenant avant l&#8217;entr\u00e9e en vigueur des tarifs de 25 % du pr\u00e9sident Trump sur le Canada","datePublished":"2025-02-05T13:57:31+00:00","dateModified":"2025-03-15T23:49:44+00:00","mainEntityOfPage":{"@id":"https:\/\/www.uscanadaautotransport.com\/fr\/pourquoi-vous-devez-expedier-votre-voiture-maintenant-avant-lentree-en-vigueur-des-tarifs-de-25-du-president-trump-sur-le-canada\/"},"wordCount":2195,"publisher":{"@id":"https:\/\/www.uscanadaautotransport.com\/fr\/#organization"},"image":{"@id":"https:\/\/www.uscanadaautotransport.com\/fr\/pourquoi-vous-devez-expedier-votre-voiture-maintenant-avant-lentree-en-vigueur-des-tarifs-de-25-du-president-trump-sur-le-canada\/#primaryimage"},"thumbnailUrl":"https:\/\/www.uscanadaautotransport.com\/fr\/wp-content\/uploads\/sites\/2\/2025\/03\/car-carrier-trailer-6839728_1280.jpg.webp","articleSection":["Tarif","Transport automobile vers le Canada"],"inLanguage":"en-US"},{"@type":"WebPage","@id":"https:\/\/www.uscanadaautotransport.com\/fr\/pourquoi-vous-devez-expedier-votre-voiture-maintenant-avant-lentree-en-vigueur-des-tarifs-de-25-du-president-trump-sur-le-canada\/","url":"https:\/\/www.uscanadaautotransport.com\/fr\/pourquoi-vous-devez-expedier-votre-voiture-maintenant-avant-lentree-en-vigueur-des-tarifs-de-25-du-president-trump-sur-le-canada\/","name":"Pourquoi vous devez exp\u00e9dier votre voiture maintenant avant l'entr\u00e9e en vigueur des tarifs de 25 % du pr\u00e9sident Trump sur le Canada - French","isPartOf":{"@id":"https:\/\/www.uscanadaautotransport.com\/fr\/#website"},"primaryImageOfPage":{"@id":"https:\/\/www.uscanadaautotransport.com\/fr\/pourquoi-vous-devez-expedier-votre-voiture-maintenant-avant-lentree-en-vigueur-des-tarifs-de-25-du-president-trump-sur-le-canada\/#primaryimage"},"image":{"@id":"https:\/\/www.uscanadaautotransport.com\/fr\/pourquoi-vous-devez-expedier-votre-voiture-maintenant-avant-lentree-en-vigueur-des-tarifs-de-25-du-president-trump-sur-le-canada\/#primaryimage"},"thumbnailUrl":"https:\/\/www.uscanadaautotransport.com\/fr\/wp-content\/uploads\/sites\/2\/2025\/03\/car-carrier-trailer-6839728_1280.jpg.webp","datePublished":"2025-02-05T13:57:31+00:00","dateModified":"2025-03-15T23:49:44+00:00","breadcrumb":{"@id":"https:\/\/www.uscanadaautotransport.com\/fr\/pourquoi-vous-devez-expedier-votre-voiture-maintenant-avant-lentree-en-vigueur-des-tarifs-de-25-du-president-trump-sur-le-canada\/#breadcrumb"},"inLanguage":"en-US","potentialAction":[{"@type":"ReadAction","target":["https:\/\/www.uscanadaautotransport.com\/fr\/pourquoi-vous-devez-expedier-votre-voiture-maintenant-avant-lentree-en-vigueur-des-tarifs-de-25-du-president-trump-sur-le-canada\/"]}]},{"@type":"ImageObject","inLanguage":"en-US","@id":"https:\/\/www.uscanadaautotransport.com\/fr\/pourquoi-vous-devez-expedier-votre-voiture-maintenant-avant-lentree-en-vigueur-des-tarifs-de-25-du-president-trump-sur-le-canada\/#primaryimage","url":"https:\/\/www.uscanadaautotransport.com\/fr\/wp-content\/uploads\/sites\/2\/2025\/03\/car-carrier-trailer-6839728_1280.jpg.webp","contentUrl":"https:\/\/www.uscanadaautotransport.com\/fr\/wp-content\/uploads\/sites\/2\/2025\/03\/car-carrier-trailer-6839728_1280.jpg.webp","width":1280,"height":853,"caption":"Pourquoi vous devez exp\u00e9dier votre voiture maintenant avant l'entr\u00e9e en vigueur des tarifs de 25 % du pr\u00e9sident Trump sur le Canada"},{"@type":"BreadcrumbList","@id":"https:\/\/www.uscanadaautotransport.com\/fr\/pourquoi-vous-devez-expedier-votre-voiture-maintenant-avant-lentree-en-vigueur-des-tarifs-de-25-du-president-trump-sur-le-canada\/#breadcrumb","itemListElement":[{"@type":"ListItem","position":1,"name":"Home","item":"https:\/\/www.uscanadaautotransport.com\/fr\/"},{"@type":"ListItem","position":2,"name":"Pourquoi vous devez exp\u00e9dier votre voiture maintenant avant l&#8217;entr\u00e9e en vigueur des tarifs de 25 % du pr\u00e9sident Trump sur le Canada"}]},{"@type":"WebSite","@id":"https:\/\/www.uscanadaautotransport.com\/fr\/#website","url":"https:\/\/www.uscanadaautotransport.com\/fr\/","name":"French","description":"","publisher":{"@id":"https:\/\/www.uscanadaautotransport.com\/fr\/#organization"},"potentialAction":[{"@type":"SearchAction","target":{"@type":"EntryPoint","urlTemplate":"https:\/\/www.uscanadaautotransport.com\/fr\/?s={search_term_string}"},"query-input":{"@type":"PropertyValueSpecification","valueRequired":true,"valueName":"search_term_string"}}],"inLanguage":"en-US"},{"@type":"Organization","@id":"https:\/\/www.uscanadaautotransport.com\/fr\/#organization","name":"French","url":"https:\/\/www.uscanadaautotransport.com\/fr\/","logo":{"@type":"ImageObject","inLanguage":"en-US","@id":"https:\/\/www.uscanadaautotransport.com\/fr\/#\/schema\/logo\/image\/","url":"https:\/\/www.uscanadaautotransport.com\/fr\/wp-content\/uploads\/sites\/2\/2023\/04\/cropped-cropped-android-chrome-512x512-1-300x300-1.png","contentUrl":"https:\/\/www.uscanadaautotransport.com\/fr\/wp-content\/uploads\/sites\/2\/2023\/04\/cropped-cropped-android-chrome-512x512-1-300x300-1.png","width":300,"height":300,"caption":"French"},"image":{"@id":"https:\/\/www.uscanadaautotransport.com\/fr\/#\/schema\/logo\/image\/"}},{"@type":"Person","@id":"https:\/\/www.uscanadaautotransport.com\/fr\/#\/schema\/person\/fbbd5fbe14201f7e89d3174e481aae2f","name":"admin","image":{"@type":"ImageObject","inLanguage":"en-US","@id":"https:\/\/secure.gravatar.com\/avatar\/004b9a3b561786831e830322312f8a54e5bd86e7f6c0407a11fba027fecf788e?s=96&d=mm&r=g","url":"https:\/\/secure.gravatar.com\/avatar\/004b9a3b561786831e830322312f8a54e5bd86e7f6c0407a11fba027fecf788e?s=96&d=mm&r=g","contentUrl":"https:\/\/secure.gravatar.com\/avatar\/004b9a3b561786831e830322312f8a54e5bd86e7f6c0407a11fba027fecf788e?s=96&d=mm&r=g","caption":"admin"}}]}},"taxonomy_info":{"category":[{"value":5,"label":"Tarif"},{"value":4,"label":"Transport automobile vers le Canada"}]},"featured_image_src_large":["https:\/\/www.uscanadaautotransport.com\/fr\/wp-content\/uploads\/sites\/2\/2025\/03\/car-carrier-trailer-6839728_1280.jpg-1024x682.webp",1024,682,true],"author_info":{"display_name":"admin","author_link":"https:\/\/www.uscanadaautotransport.com\/fr\/author\/admin\/"},"comment_info":0,"category_info":[{"term_id":5,"name":"Tarif","slug":"tarif","term_group":0,"term_taxonomy_id":5,"taxonomy":"category","description":"","parent":0,"count":7,"filter":"raw","cat_ID":5,"category_count":7,"category_description":"","cat_name":"Tarif","category_nicename":"tarif","category_parent":0},{"term_id":4,"name":"Transport automobile vers le Canada","slug":"transport-automobile-vers-le-canada","term_group":0,"term_taxonomy_id":4,"taxonomy":"category","description":"","parent":0,"count":9,"filter":"raw","cat_ID":4,"category_count":9,"category_description":"","cat_name":"Transport automobile vers le Canada","category_nicename":"transport-automobile-vers-le-canada","category_parent":0}],"tag_info":false,"_links":{"self":[{"href":"https:\/\/www.uscanadaautotransport.com\/fr\/wp-json\/wp\/v2\/posts\/3673","targetHints":{"allow":["GET"]}}],"collection":[{"href":"https:\/\/www.uscanadaautotransport.com\/fr\/wp-json\/wp\/v2\/posts"}],"about":[{"href":"https:\/\/www.uscanadaautotransport.com\/fr\/wp-json\/wp\/v2\/types\/post"}],"author":[{"embeddable":true,"href":"https:\/\/www.uscanadaautotransport.com\/fr\/wp-json\/wp\/v2\/users\/1"}],"replies":[{"embeddable":true,"href":"https:\/\/www.uscanadaautotransport.com\/fr\/wp-json\/wp\/v2\/comments?post=3673"}],"version-history":[{"count":0,"href":"https:\/\/www.uscanadaautotransport.com\/fr\/wp-json\/wp\/v2\/posts\/3673\/revisions"}],"wp:featuredmedia":[{"embeddable":true,"href":"https:\/\/www.uscanadaautotransport.com\/fr\/wp-json\/wp\/v2\/media\/3674"}],"wp:attachment":[{"href":"https:\/\/www.uscanadaautotransport.com\/fr\/wp-json\/wp\/v2\/media?parent=3673"}],"wp:term":[{"taxonomy":"category","embeddable":true,"href":"https:\/\/www.uscanadaautotransport.com\/fr\/wp-json\/wp\/v2\/categories?post=3673"},{"taxonomy":"post_tag","embeddable":true,"href":"https:\/\/www.uscanadaautotransport.com\/fr\/wp-json\/wp\/v2\/tags?post=3673"}],"curies":[{"name":"wp","href":"https:\/\/api.w.org\/{rel}","templated":true}]}}